{"id":10899,"date":"2023-02-13T09:28:02","date_gmt":"2023-02-13T08:28:02","guid":{"rendered":"https:\/\/www.kompetensforetagen.se\/?p=10899"},"modified":"2023-07-14T10:33:07","modified_gmt":"2023-07-14T08:33:07","slug":"privata-arbetsformedlingarnas-framvaxt","status":"publish","type":"post","link":"https:\/\/www.kompetensforetagen.se\/2023\/02\/privata-arbetsformedlingarnas-framvaxt\/","title":{"rendered":"Privata arbetsf\u00f6rmedlingarnas framv\u00e4xt"},"content":{"rendered":"\n<p>I mitten av 1800-talet genomgick Sverige ett systemskifte. N\u00e5gra viktiga reformer var avskaffandet av skr\u00e5v\u00e4sendet <strong>1846<\/strong> och av passtv\u00e5nget f\u00f6r inrikes resor 1860 samt n\u00e4ringsfrihetens inf\u00f6rande 1864. Dessa reformer \u00f6ppnade f\u00f6r en r\u00f6rligare arbetsmarknad, vilket i sin tur skapade behov av matchningstj\u00e4nster. D\u00e5 b\u00f6rjade de privata arbetsf\u00f6rmedlingarnas framv\u00e4xt.<\/p>\n\n\n\n<p><strong>1864<\/strong> startade Sophie Adlersparre en renskrivningsbyr\u00e5 i Stockholm.<\/p>\n\n\n\n<p><strong>1885<\/strong> startade <a href=\"https:\/\/fredrikabremer.se\/\" target=\"_blank\" rel=\"noopener\">Fredrika Bremer-f\u00f6rbundet<\/a> en platsf\u00f6rmedling f\u00f6r framf\u00f6r allt l\u00e4rarinnor.<\/p>\n\n\n\n<p><strong>1902<\/strong> inr\u00e4ttades den f\u00f6rsta offentliga arbetsf\u00f6rmedlingen av Helsingborgs stad i ett f\u00f6rs\u00f6k att minska kostnaderna f\u00f6r fattigv\u00e5rden.<\/p>\n\n\n\n<p>Under<strong> 1920<\/strong>&#8211; och <strong>30<\/strong>-talen fanns privata arbetsf\u00f6rmedlingar i de flesta l\u00e4n men de var starkast i storst\u00e4derna. Varje f\u00f6rmedling var normalt koncentrerad till en ort och ett yrke. De privata arbetsf\u00f6rmedlingarna kom med tiden att i allt h\u00f6gre grad f\u00f6rmedla arbeten till kvinnor medan de offentliga arbetsf\u00f6rmedlingarna tog hand om praktiskt taget all arbetsf\u00f6rmedling f\u00f6r m\u00e4n.<\/p>\n","protected":false},"excerpt":{"rendered":"<p>I mitten av 1800-talet genomgick Sverige ett systemskifte. N\u00e5gra viktiga reformer var avskaffandet av skr\u00e5v\u00e4sendet 1846 och av passtv\u00e5nget f\u00f6r inrikes resor 1860 samt n\u00e4ringsfrihetens inf\u00f6rande 1864. Dessa reformer \u00f6ppnade f\u00f6r en r\u00f6rligare arbetsmarknad, vilket &hellip;<\/p>\n","protected":false},"author":14989,"featured_media":10900,"comment_status":"closed","ping_status":"closed","sticky":false,"template":"","format":"standard","meta":{"_acf_changed":false,"footnotes":""},"categories":[192,199],"tags":[],"article_type":[],"agreement":[],"for-members":[],"class_list":["post-10899","post","type-post","status-publish","format-standard","has-post-thumbnail","hentry","category-arbetsformedlingen","category-historia"],"acf":[],"yoast_head":"<!-- This site is optimized with the Yoast SEO Premium plugin v26.8 (Yoast SEO v26.8) - https:\/\/yoast.com\/product\/yoast-seo-premium-wordpress\/ -->\n<title>Privata arbetsf\u00f6rmedlingarnas framv\u00e4xt<\/title>\n<meta name=\"description\" content=\"De privata arbetsf\u00f6rmedlingarnas framv\u00e4xt b\u00f6rjade redan i mitten av 1800-talet, med skr\u00e5v\u00e4sendets avskaffande och n\u00e4ringsfrihetens inf\u00f6rande.\" \/>\n<meta name=\"robots\" content=\"index, follow, max-snippet:-1, max-image-preview:large, max-video-preview:-1\" \/>\n<link rel=\"canonical\" href=\"https:\/\/www.kompetensforetagen.se\/2023\/02\/privata-arbetsformedlingarnas-framvaxt\/\" \/>\n<meta property=\"og:locale\" content=\"sv_SE\" \/>\n<meta property=\"og:type\" content=\"article\" \/>\n<meta property=\"og:title\" content=\"Privata arbetsf\u00f6rmedlingarnas framv\u00e4xt\" \/>\n<meta property=\"og:description\" content=\"De privata arbetsf\u00f6rmedlingarnas framv\u00e4xt b\u00f6rjade redan i mitten av 1800-talet, med skr\u00e5v\u00e4sendets avskaffande och n\u00e4ringsfrihetens inf\u00f6rande.\" \/>\n<meta property=\"og:url\" content=\"https:\/\/www.kompetensforetagen.se\/2023\/02\/privata-arbetsformedlingarnas-framvaxt\/\" \/>\n<meta property=\"og:site_name\" content=\"Kompetensf\u00f6retagen\" \/>\n<meta property=\"article:published_time\" content=\"2023-02-13T08:28:02+00:00\" \/>\n<meta property=\"article:modified_time\" content=\"2023-07-14T08:33:07+00:00\" \/>\n<meta property=\"og:image\" content=\"https:\/\/www.kompetensforetagen.se\/app\/uploads\/sites\/5\/2023\/02\/pexels-akil-mazumder-1072824-scaled.jpg\" \/>\n\t<meta property=\"og:image:width\" content=\"2560\" \/>\n\t<meta property=\"og:image:height\" content=\"1707\" \/>\n\t<meta property=\"og:image:type\" content=\"image\/jpeg\" \/>\n<meta name=\"author\" content=\"Kristina Jonsson\" \/>\n<meta name=\"twitter:card\" content=\"summary_large_image\" \/>\n<meta name=\"twitter:label1\" content=\"Skriven av\" \/>\n\t<meta name=\"twitter:data1\" content=\"Kristina Jonsson\" \/>\n\t<meta name=\"twitter:label2\" content=\"Ber\u00e4knad l\u00e4stid\" \/>\n\t<meta name=\"twitter:data2\" content=\"1 minut\" \/>\n<!-- \/ Yoast SEO Premium plugin. -->","yoast_head_json":{"title":"Privata arbetsf\u00f6rmedlingarnas framv\u00e4xt","description":"De privata arbetsf\u00f6rmedlingarnas framv\u00e4xt b\u00f6rjade redan i mitten av 1800-talet, med skr\u00e5v\u00e4sendets avskaffande och n\u00e4ringsfrihetens inf\u00f6rande.","robots":{"index":"index","follow":"follow","max-snippet":"max-snippet:-1","max-image-preview":"max-image-preview:large","max-video-preview":"max-video-preview:-1"},"canonical":"https:\/\/www.kompetensforetagen.se\/2023\/02\/privata-arbetsformedlingarnas-framvaxt\/","og_locale":"sv_SE","og_type":"article","og_title":"Privata arbetsf\u00f6rmedlingarnas framv\u00e4xt","og_description":"De privata arbetsf\u00f6rmedlingarnas framv\u00e4xt b\u00f6rjade redan i mitten av 1800-talet, med skr\u00e5v\u00e4sendets avskaffande och n\u00e4ringsfrihetens inf\u00f6rande.","og_url":"https:\/\/www.kompetensforetagen.se\/2023\/02\/privata-arbetsformedlingarnas-framvaxt\/","og_site_name":"Kompetensf\u00f6retagen","article_published_time":"2023-02-13T08:28:02+00:00","article_modified_time":"2023-07-14T08:33:07+00:00","og_image":[{"width":2560,"height":1707,"url":"https:\/\/www.kompetensforetagen.se\/app\/uploads\/sites\/5\/2023\/02\/pexels-akil-mazumder-1072824-scaled.jpg","type":"image\/jpeg"}],"author":"Kristina Jonsson","twitter_card":"summary_large_image","twitter_misc":{"Skriven av":"Kristina Jonsson","Ber\u00e4knad l\u00e4stid":"1 minut"},"schema":{"@context":"https:\/\/schema.org","@graph":[{"@type":"Article","@id":"https:\/\/www.kompetensforetagen.se\/2023\/02\/privata-arbetsformedlingarnas-framvaxt\/#article","isPartOf":{"@id":"https:\/\/www.kompetensforetagen.se\/2023\/02\/privata-arbetsformedlingarnas-framvaxt\/"},"author":{"name":"Kristina Jonsson","@id":"https:\/\/www.kompetensforetagen.se\/#\/schema\/person\/f031803829b72f3deceb68bc75c48f0b"},"headline":"Privata arbetsf\u00f6rmedlingarnas framv\u00e4xt","datePublished":"2023-02-13T08:28:02+00:00","dateModified":"2023-07-14T08:33:07+00:00","mainEntityOfPage":{"@id":"https:\/\/www.kompetensforetagen.se\/2023\/02\/privata-arbetsformedlingarnas-framvaxt\/"},"wordCount":174,"publisher":{"@id":"https:\/\/www.kompetensforetagen.se\/#organization"},"image":{"@id":"https:\/\/www.kompetensforetagen.se\/2023\/02\/privata-arbetsformedlingarnas-framvaxt\/#primaryimage"},"thumbnailUrl":"https:\/\/www.kompetensforetagen.se\/app\/uploads\/sites\/5\/2023\/02\/pexels-akil-mazumder-1072824-scaled.jpg","articleSection":["Arbetsf\u00f6rmedlingen","Historia"],"inLanguage":"sv-SE"},{"@type":"WebPage","@id":"https:\/\/www.kompetensforetagen.se\/2023\/02\/privata-arbetsformedlingarnas-framvaxt\/","url":"https:\/\/www.kompetensforetagen.se\/2023\/02\/privata-arbetsformedlingarnas-framvaxt\/","name":"Privata arbetsf\u00f6rmedlingarnas framv\u00e4xt","isPartOf":{"@id":"https:\/\/www.kompetensforetagen.se\/#website"},"primaryImageOfPage":{"@id":"https:\/\/www.kompetensforetagen.se\/2023\/02\/privata-arbetsformedlingarnas-framvaxt\/#primaryimage"},"image":{"@id":"https:\/\/www.kompetensforetagen.se\/2023\/02\/privata-arbetsformedlingarnas-framvaxt\/#primaryimage"},"thumbnailUrl":"https:\/\/www.kompetensforetagen.se\/app\/uploads\/sites\/5\/2023\/02\/pexels-akil-mazumder-1072824-scaled.jpg","datePublished":"2023-02-13T08:28:02+00:00","dateModified":"2023-07-14T08:33:07+00:00","description":"De privata arbetsf\u00f6rmedlingarnas framv\u00e4xt b\u00f6rjade redan i mitten av 1800-talet, med skr\u00e5v\u00e4sendets avskaffande och n\u00e4ringsfrihetens inf\u00f6rande.","breadcrumb":{"@id":"https:\/\/www.kompetensforetagen.se\/2023\/02\/privata-arbetsformedlingarnas-framvaxt\/#breadcrumb"},"inLanguage":"sv-SE","potentialAction":[{"@type":"ReadAction","target":["https:\/\/www.kompetensforetagen.se\/2023\/02\/privata-arbetsformedlingarnas-framvaxt\/"]}]},{"@type":"ImageObject","inLanguage":"sv-SE","@id":"https:\/\/www.kompetensforetagen.se\/2023\/02\/privata-arbetsformedlingarnas-framvaxt\/#primaryimage","url":"https:\/\/www.kompetensforetagen.se\/app\/uploads\/sites\/5\/2023\/02\/pexels-akil-mazumder-1072824-scaled.jpg","contentUrl":"https:\/\/www.kompetensforetagen.se\/app\/uploads\/sites\/5\/2023\/02\/pexels-akil-mazumder-1072824-scaled.jpg","width":2560,"height":1707,"caption":"Gr\u00f6n v\u00e4xt spirar i utstr\u00e4ckt hand, Natur och h\u00e5llbarhet \u2013 en viktig aspekt f\u00f6r framtidens f\u00f6retagande."},{"@type":"BreadcrumbList","@id":"https:\/\/www.kompetensforetagen.se\/2023\/02\/privata-arbetsformedlingarnas-framvaxt\/#breadcrumb","itemListElement":[{"@type":"ListItem","position":1,"name":"Home","item":"https:\/\/www.kompetensforetagen.se\/"},{"@type":"ListItem","position":2,"name":"Privata arbetsf\u00f6rmedlingarnas framv\u00e4xt"}]},{"@type":"WebSite","@id":"https:\/\/www.kompetensforetagen.se\/#website","url":"https:\/\/www.kompetensforetagen.se\/","name":"Kompetensf\u00f6retagen","description":"R\u00e4tt person p\u00e5 r\u00e4tt plats kan f\u00f6r\u00e4ndra v\u00e4rlden","publisher":{"@id":"https:\/\/www.kompetensforetagen.se\/#organization"},"potentialAction":[{"@type":"SearchAction","target":{"@type":"EntryPoint","urlTemplate":"https:\/\/www.kompetensforetagen.se\/?s={search_term_string}"},"query-input":{"@type":"PropertyValueSpecification","valueRequired":true,"valueName":"search_term_string"}}],"inLanguage":"sv-SE"},{"@type":"Organization","@id":"https:\/\/www.kompetensforetagen.se\/#organization","name":"Kompetensf\u00f6retagen","url":"https:\/\/www.kompetensforetagen.se\/","logo":{"@type":"ImageObject","inLanguage":"sv-SE","@id":"https:\/\/www.kompetensforetagen.se\/#\/schema\/logo\/image\/","url":"https:\/\/www.kompetensforetagen.se\/app\/uploads\/sites\/5\/2022\/10\/logga_svart.png","contentUrl":"https:\/\/www.kompetensforetagen.se\/app\/uploads\/sites\/5\/2022\/10\/logga_svart.png","width":752,"height":64,"caption":"Kompetensf\u00f6retagen"},"image":{"@id":"https:\/\/www.kompetensforetagen.se\/#\/schema\/logo\/image\/"},"sameAs":["https:\/\/www.linkedin.com\/company\/10540032\/"]},{"@type":"Person","@id":"https:\/\/www.kompetensforetagen.se\/#\/schema\/person\/f031803829b72f3deceb68bc75c48f0b","name":"Kristina Jonsson","image":{"@type":"ImageObject","inLanguage":"sv-SE","@id":"https:\/\/www.kompetensforetagen.se\/#\/schema\/person\/image\/","url":"https:\/\/secure.gravatar.com\/avatar\/8549e880229ce9df0a38e32b3c5a173427d644b6ba9def52456ae7021435afcf?s=96&d=mm&r=g","contentUrl":"https:\/\/secure.gravatar.com\/avatar\/8549e880229ce9df0a38e32b3c5a173427d644b6ba9def52456ae7021435afcf?s=96&d=mm&r=g","caption":"Kristina Jonsson"},"url":"https:\/\/www.kompetensforetagen.se\/person\/41728d39d9c1ea118136003dd8b71e49\/"}]}},"_links":{"self":[{"href":"https:\/\/www.kompetensforetagen.se\/api\/wp\/v2\/posts\/10899","targetHints":{"allow":["GET"]}}],"collection":[{"href":"https:\/\/www.kompetensforetagen.se\/api\/wp\/v2\/posts"}],"about":[{"href":"https:\/\/www.kompetensforetagen.se\/api\/wp\/v2\/types\/post"}],"author":[{"embeddable":true,"href":"https:\/\/www.kompetensforetagen.se\/api\/wp\/v2\/users\/14989"}],"replies":[{"embeddable":true,"href":"https:\/\/www.kompetensforetagen.se\/api\/wp\/v2\/comments?post=10899"}],"version-history":[{"count":1,"href":"https:\/\/www.kompetensforetagen.se\/api\/wp\/v2\/posts\/10899\/revisions"}],"predecessor-version":[{"id":11562,"href":"https:\/\/www.kompetensforetagen.se\/api\/wp\/v2\/posts\/10899\/revisions\/11562"}],"wp:featuredmedia":[{"embeddable":true,"href":"https:\/\/www.kompetensforetagen.se\/api\/wp\/v2\/media\/10900"}],"wp:attachment":[{"href":"https:\/\/www.kompetensforetagen.se\/api\/wp\/v2\/media?parent=10899"}],"wp:term":[{"taxonomy":"category","embeddable":true,"href":"https:\/\/www.kompetensforetagen.se\/api\/wp\/v2\/categories?post=10899"},{"taxonomy":"post_tag","embeddable":true,"href":"https:\/\/www.kompetensforetagen.se\/api\/wp\/v2\/tags?post=10899"},{"taxonomy":"type","embeddable":true,"href":"https:\/\/www.kompetensforetagen.se\/api\/wp\/v2\/article_type?post=10899"},{"taxonomy":"agreement","embeddable":true,"href":"https:\/\/www.kompetensforetagen.se\/api\/wp\/v2\/agreement?post=10899"},{"taxonomy":"for-members","embeddable":true,"href":"https:\/\/www.kompetensforetagen.se\/api\/wp\/v2\/for-members?post=10899"}],"curies":[{"name":"wp","href":"https:\/\/api.w.org\/{rel}","templated":true}]}}