{"id":10895,"date":"2023-02-10T10:19:07","date_gmt":"2023-02-10T09:19:07","guid":{"rendered":"https:\/\/www.kompetensforetagen.se\/?p=10895"},"modified":"2023-07-14T10:32:08","modified_gmt":"2023-07-14T08:32:08","slug":"kompetensforetagen-storsatsar-pa-naringspolitiken","status":"publish","type":"post","link":"https:\/\/www.kompetensforetagen.se\/2023\/02\/kompetensforetagen-storsatsar-pa-naringspolitiken\/","title":{"rendered":"Kompetens&shy;f\u00f6retagen storsatsar p\u00e5 n\u00e4ringspolitiken"},"content":{"rendered":"\n<p>Nu st\u00e4rker Kompetensf\u00f6retagen upp sitt <a href=\"https:\/\/www.kompetensforetagen.se\/vara-fragor\/\" target=\"_blank\" rel=\"noopener\">n\u00e4ringspolitiska<\/a> arbete. I april tilltr\u00e4der <a href=\"http:\/\/www.linkedin.com\/in\/fredric-sk\u00e4lstad-0b394249\" target=\"_blank\" rel=\"noopener\"><strong>Fredric Sk\u00e4lstad<\/strong><\/a> en nyinr\u00e4ttad tj\u00e4nst som n\u00e4ringspolitisk chef. Hans uppdrag blir att utveckla och leda arbetet med att f\u00f6rb\u00e4ttra villkoren f\u00f6r f\u00f6retag inom bemanning, rekrytering och omst\u00e4llning. En ytterligare del i satsningen \u00e4r att f\u00f6rbundet kommer rekrytera en n\u00e4ringspolitisk expert<\/p>\n\n\n\n<p>\u2013&nbsp;Vi g\u00f6r en strategiskt viktig rekrytering f\u00f6r att s\u00e4kra att Kompetensf\u00f6retagens fr\u00e5gor hamnar h\u00f6gt p\u00e5 den politiska dagordningen. Det handlar inte minst om EU-fr\u00e5gorna som blir allt mer betydelsefulla f\u00f6r medlemsf\u00f6retagen, s\u00e4ger Patrik Eidfelt, f\u00f6rbundsdirekt\u00f6r p\u00e5 Kompetensf\u00f6retagen.<\/p>\n\n\n\n<p>Fredric Sk\u00e4lstad \u00e4r nationalekonom med <a href=\"https:\/\/sv.wikipedia.org\/wiki\/Fredric_Sk%C3%A4lstad\" target=\"_blank\" rel=\"noopener\">bakgrund fr\u00e5n Regeringskansliet och riksdagen<\/a>. Senast kommer han fr\u00e5n en tj\u00e4nst som branschchef p\u00e5 Almega Utbildningsf\u00f6retagen.<\/p>\n\n\n\n<p>\u2013 Kompetensf\u00f6retagen bygger n\u00e5gonting nytt och sp\u00e4nnande. Det \u00e4r sj\u00e4lvklart att tacka ja till att vara med och skapa r\u00e4tt f\u00f6ruts\u00e4ttningar f\u00f6r en bransch som ger ett ov\u00e4rderligt bidrag till Sveriges konkurrenskraft och varje \u00e5r hj\u00e4lper hundratusentals m\u00e4nniskor att hitta r\u00e4tt p\u00e5 en snabbr\u00f6rlig arbetsmarknad, s\u00e4ger Fredric Sk\u00e4lstad.<\/p>\n","protected":false},"excerpt":{"rendered":"<p>Nu st\u00e4rker Kompetensf\u00f6retagen upp sitt n\u00e4ringspolitiska arbete. I april tilltr\u00e4der Fredric Sk\u00e4lstad en nyinr\u00e4ttad tj\u00e4nst som n\u00e4ringspolitisk chef. Hans uppdrag blir att utveckla och leda arbetet med att f\u00f6rb\u00e4ttra villkoren f\u00f6r f\u00f6retag inom bemanning, rekrytering &hellip;<\/p>\n","protected":false},"author":6358,"featured_media":10896,"comment_status":"closed","ping_status":"closed","sticky":false,"template":"","format":"standard","meta":{"_acf_changed":false,"footnotes":""},"categories":[1],"tags":[],"article_type":[8],"agreement":[],"for-members":[],"class_list":["post-10895","post","type-post","status-publish","format-standard","has-post-thumbnail","hentry","category-okategoriserade","type-aktuellt"],"acf":[],"yoast_head":"<!-- This site is optimized with the Yoast SEO Premium plugin v26.8 (Yoast SEO v26.8) - https:\/\/yoast.com\/product\/yoast-seo-premium-wordpress\/ -->\n<title>Kompetensf\u00f6retagen storsatsar p\u00e5 n\u00e4ringspolitiken - Kompetensf\u00f6retagen<\/title>\n<meta name=\"description\" content=\"F\u00f6r att f\u00f6rst\u00e4rka Kompetensf\u00f6retagens n\u00e4ringspolitiska arbete tilltr\u00e4der Fredric Sk\u00e4lstad rollensom n\u00e4ringspolitisk chef i april.\" \/>\n<meta name=\"robots\" content=\"index, follow, max-snippet:-1, max-image-preview:large, max-video-preview:-1\" \/>\n<link rel=\"canonical\" href=\"https:\/\/www.kompetensforetagen.se\/2023\/02\/kompetensforetagen-storsatsar-pa-naringspolitiken\/\" \/>\n<meta property=\"og:locale\" content=\"sv_SE\" \/>\n<meta property=\"og:type\" content=\"article\" \/>\n<meta property=\"og:title\" content=\"Kompetensf\u00f6retagen storsatsar p\u00e5 n\u00e4ringspolitiken\" \/>\n<meta property=\"og:description\" content=\"F\u00f6r att f\u00f6rst\u00e4rka Kompetensf\u00f6retagens n\u00e4ringspolitiska arbete tilltr\u00e4der Fredric Sk\u00e4lstad rollensom n\u00e4ringspolitisk chef i april.\" \/>\n<meta property=\"og:url\" content=\"https:\/\/www.kompetensforetagen.se\/2023\/02\/kompetensforetagen-storsatsar-pa-naringspolitiken\/\" \/>\n<meta property=\"og:site_name\" content=\"Kompetensf\u00f6retagen\" \/>\n<meta property=\"article:published_time\" content=\"2023-02-10T09:19:07+00:00\" \/>\n<meta property=\"article:modified_time\" content=\"2023-07-14T08:32:08+00:00\" \/>\n<meta property=\"og:image\" content=\"https:\/\/www.kompetensforetagen.se\/app\/uploads\/sites\/5\/2023\/02\/skalstad-glad-scaled.jpg\" \/>\n\t<meta property=\"og:image:width\" content=\"1789\" \/>\n\t<meta property=\"og:image:height\" content=\"2560\" \/>\n\t<meta property=\"og:image:type\" content=\"image\/jpeg\" \/>\n<meta name=\"twitter:card\" content=\"summary_large_image\" \/>\n<meta name=\"twitter:label1\" content=\"Skriven av\" \/>\n\t<meta name=\"twitter:data1\" content=\"\" \/>\n\t<meta name=\"twitter:label2\" content=\"Ber\u00e4knad l\u00e4stid\" \/>\n\t<meta name=\"twitter:data2\" content=\"1 minut\" \/>\n<!-- \/ Yoast SEO Premium plugin. -->","yoast_head_json":{"title":"Kompetensf\u00f6retagen storsatsar p\u00e5 n\u00e4ringspolitiken - Kompetensf\u00f6retagen","description":"F\u00f6r att f\u00f6rst\u00e4rka Kompetensf\u00f6retagens n\u00e4ringspolitiska arbete tilltr\u00e4der Fredric Sk\u00e4lstad rollensom n\u00e4ringspolitisk chef i april.","robots":{"index":"index","follow":"follow","max-snippet":"max-snippet:-1","max-image-preview":"max-image-preview:large","max-video-preview":"max-video-preview:-1"},"canonical":"https:\/\/www.kompetensforetagen.se\/2023\/02\/kompetensforetagen-storsatsar-pa-naringspolitiken\/","og_locale":"sv_SE","og_type":"article","og_title":"Kompetensf\u00f6retagen storsatsar p\u00e5 n\u00e4ringspolitiken","og_description":"F\u00f6r att f\u00f6rst\u00e4rka Kompetensf\u00f6retagens n\u00e4ringspolitiska arbete tilltr\u00e4der Fredric Sk\u00e4lstad rollensom n\u00e4ringspolitisk chef i april.","og_url":"https:\/\/www.kompetensforetagen.se\/2023\/02\/kompetensforetagen-storsatsar-pa-naringspolitiken\/","og_site_name":"Kompetensf\u00f6retagen","article_published_time":"2023-02-10T09:19:07+00:00","article_modified_time":"2023-07-14T08:32:08+00:00","og_image":[{"width":1789,"height":2560,"url":"https:\/\/www.kompetensforetagen.se\/app\/uploads\/sites\/5\/2023\/02\/skalstad-glad-scaled.jpg","type":"image\/jpeg"}],"twitter_card":"summary_large_image","twitter_misc":{"Skriven av":"","Ber\u00e4knad l\u00e4stid":"1 minut"},"schema":{"@context":"https:\/\/schema.org","@graph":[{"@type":"Article","@id":"https:\/\/www.kompetensforetagen.se\/2023\/02\/kompetensforetagen-storsatsar-pa-naringspolitiken\/#article","isPartOf":{"@id":"https:\/\/www.kompetensforetagen.se\/2023\/02\/kompetensforetagen-storsatsar-pa-naringspolitiken\/"},"author":{"name":"","@id":""},"headline":"Kompetens&shy;f\u00f6retagen storsatsar p\u00e5 n\u00e4ringspolitiken","datePublished":"2023-02-10T09:19:07+00:00","dateModified":"2023-07-14T08:32:08+00:00","mainEntityOfPage":{"@id":"https:\/\/www.kompetensforetagen.se\/2023\/02\/kompetensforetagen-storsatsar-pa-naringspolitiken\/"},"wordCount":210,"publisher":{"@id":"https:\/\/www.kompetensforetagen.se\/#organization"},"image":{"@id":"https:\/\/www.kompetensforetagen.se\/2023\/02\/kompetensforetagen-storsatsar-pa-naringspolitiken\/#primaryimage"},"thumbnailUrl":"https:\/\/www.kompetensforetagen.se\/app\/uploads\/sites\/5\/2023\/02\/skalstad-glad-scaled.jpg","inLanguage":"sv-SE"},{"@type":"WebPage","@id":"https:\/\/www.kompetensforetagen.se\/2023\/02\/kompetensforetagen-storsatsar-pa-naringspolitiken\/","url":"https:\/\/www.kompetensforetagen.se\/2023\/02\/kompetensforetagen-storsatsar-pa-naringspolitiken\/","name":"Kompetensf\u00f6retagen storsatsar p\u00e5 n\u00e4ringspolitiken - Kompetensf\u00f6retagen","isPartOf":{"@id":"https:\/\/www.kompetensforetagen.se\/#website"},"primaryImageOfPage":{"@id":"https:\/\/www.kompetensforetagen.se\/2023\/02\/kompetensforetagen-storsatsar-pa-naringspolitiken\/#primaryimage"},"image":{"@id":"https:\/\/www.kompetensforetagen.se\/2023\/02\/kompetensforetagen-storsatsar-pa-naringspolitiken\/#primaryimage"},"thumbnailUrl":"https:\/\/www.kompetensforetagen.se\/app\/uploads\/sites\/5\/2023\/02\/skalstad-glad-scaled.jpg","datePublished":"2023-02-10T09:19:07+00:00","dateModified":"2023-07-14T08:32:08+00:00","description":"F\u00f6r att f\u00f6rst\u00e4rka Kompetensf\u00f6retagens n\u00e4ringspolitiska arbete tilltr\u00e4der Fredric Sk\u00e4lstad rollensom n\u00e4ringspolitisk chef i april.","breadcrumb":{"@id":"https:\/\/www.kompetensforetagen.se\/2023\/02\/kompetensforetagen-storsatsar-pa-naringspolitiken\/#breadcrumb"},"inLanguage":"sv-SE","potentialAction":[{"@type":"ReadAction","target":["https:\/\/www.kompetensforetagen.se\/2023\/02\/kompetensforetagen-storsatsar-pa-naringspolitiken\/"]}]},{"@type":"ImageObject","inLanguage":"sv-SE","@id":"https:\/\/www.kompetensforetagen.se\/2023\/02\/kompetensforetagen-storsatsar-pa-naringspolitiken\/#primaryimage","url":"https:\/\/www.kompetensforetagen.se\/app\/uploads\/sites\/5\/2023\/02\/skalstad-glad-scaled.jpg","contentUrl":"https:\/\/www.kompetensforetagen.se\/app\/uploads\/sites\/5\/2023\/02\/skalstad-glad-scaled.jpg","width":1789,"height":2560,"caption":"Fredric Sk\u00e4lstad, branschchef f\u00f6r Kompetensf\u00f6retagen."},{"@type":"BreadcrumbList","@id":"https:\/\/www.kompetensforetagen.se\/2023\/02\/kompetensforetagen-storsatsar-pa-naringspolitiken\/#breadcrumb","itemListElement":[{"@type":"ListItem","position":1,"name":"Home","item":"https:\/\/www.kompetensforetagen.se\/"},{"@type":"ListItem","position":2,"name":"Kompetens&shy;f\u00f6retagen storsatsar p\u00e5 n\u00e4ringspolitiken"}]},{"@type":"WebSite","@id":"https:\/\/www.kompetensforetagen.se\/#website","url":"https:\/\/www.kompetensforetagen.se\/","name":"Kompetensf\u00f6retagen","description":"R\u00e4tt person p\u00e5 r\u00e4tt plats kan f\u00f6r\u00e4ndra v\u00e4rlden","publisher":{"@id":"https:\/\/www.kompetensforetagen.se\/#organization"},"potentialAction":[{"@type":"SearchAction","target":{"@type":"EntryPoint","urlTemplate":"https:\/\/www.kompetensforetagen.se\/?s={search_term_string}"},"query-input":{"@type":"PropertyValueSpecification","valueRequired":true,"valueName":"search_term_string"}}],"inLanguage":"sv-SE"},{"@type":"Organization","@id":"https:\/\/www.kompetensforetagen.se\/#organization","name":"Kompetensf\u00f6retagen","url":"https:\/\/www.kompetensforetagen.se\/","logo":{"@type":"ImageObject","inLanguage":"sv-SE","@id":"https:\/\/www.kompetensforetagen.se\/#\/schema\/logo\/image\/","url":"https:\/\/www.kompetensforetagen.se\/app\/uploads\/sites\/5\/2022\/10\/logga_svart.png","contentUrl":"https:\/\/www.kompetensforetagen.se\/app\/uploads\/sites\/5\/2022\/10\/logga_svart.png","width":752,"height":64,"caption":"Kompetensf\u00f6retagen"},"image":{"@id":"https:\/\/www.kompetensforetagen.se\/#\/schema\/logo\/image\/"},"sameAs":["https:\/\/www.linkedin.com\/company\/10540032\/"]},{"@type":"Person","@id":"","url":"https:\/\/www.kompetensforetagen.se\/person\/"}]}},"_links":{"self":[{"href":"https:\/\/www.kompetensforetagen.se\/api\/wp\/v2\/posts\/10895","targetHints":{"allow":["GET"]}}],"collection":[{"href":"https:\/\/www.kompetensforetagen.se\/api\/wp\/v2\/posts"}],"about":[{"href":"https:\/\/www.kompetensforetagen.se\/api\/wp\/v2\/types\/post"}],"author":[{"embeddable":true,"href":"https:\/\/www.kompetensforetagen.se\/api\/wp\/v2\/users\/6358"}],"replies":[{"embeddable":true,"href":"https:\/\/www.kompetensforetagen.se\/api\/wp\/v2\/comments?post=10895"}],"version-history":[{"count":3,"href":"https:\/\/www.kompetensforetagen.se\/api\/wp\/v2\/posts\/10895\/revisions"}],"predecessor-version":[{"id":14666,"href":"https:\/\/www.kompetensforetagen.se\/api\/wp\/v2\/posts\/10895\/revisions\/14666"}],"wp:featuredmedia":[{"embeddable":true,"href":"https:\/\/www.kompetensforetagen.se\/api\/wp\/v2\/media\/10896"}],"wp:attachment":[{"href":"https:\/\/www.kompetensforetagen.se\/api\/wp\/v2\/media?parent=10895"}],"wp:term":[{"taxonomy":"category","embeddable":true,"href":"https:\/\/www.kompetensforetagen.se\/api\/wp\/v2\/categories?post=10895"},{"taxonomy":"post_tag","embeddable":true,"href":"https:\/\/www.kompetensforetagen.se\/api\/wp\/v2\/tags?post=10895"},{"taxonomy":"type","embeddable":true,"href":"https:\/\/www.kompetensforetagen.se\/api\/wp\/v2\/article_type?post=10895"},{"taxonomy":"agreement","embeddable":true,"href":"https:\/\/www.kompetensforetagen.se\/api\/wp\/v2\/agreement?post=10895"},{"taxonomy":"for-members","embeddable":true,"href":"https:\/\/www.kompetensforetagen.se\/api\/wp\/v2\/for-members?post=10895"}],"curies":[{"name":"wp","href":"https:\/\/api.w.org\/{rel}","templated":true}]}}