{"id":10857,"date":"2023-02-07T13:07:18","date_gmt":"2023-02-07T12:07:18","guid":{"rendered":"https:\/\/www.kompetensforetagen.se\/?p=10857"},"modified":"2023-07-14T10:31:36","modified_gmt":"2023-07-14T08:31:36","slug":"halv-miljon-kronor-till-mentorskapssamarbete-for-nyanlanda-akademiker","status":"publish","type":"post","link":"https:\/\/www.kompetensforetagen.se\/2023\/02\/halv-miljon-kronor-till-mentorskapssamarbete-for-nyanlanda-akademiker\/","title":{"rendered":"Halv miljon kronor till mentorskapssamarbete f\u00f6r nyanl\u00e4nda akademiker"},"content":{"rendered":"\n<p>Kompetensf\u00f6retagen, <a href=\"https:\/\/akademssr.se\/?gclid=CjwKCAiAioifBhAXEiwApzCzttrSWTRobN1_kFKXT56239xq-ottOlaveF4t57ABNVuyy-Cyz_x8CRoCOQ8QAvD_BwE\" target=\"_blank\" rel=\"noopener\">Akademikerf\u00f6rbundet SSR<\/a> och den ideella organisation <a href=\"https:\/\/www.nemaproblema.se\/\" target=\"_blank\" rel=\"noopener\">Nema Problema<\/a> inledde ifjol ett mentorskapssamarbete f\u00f6r att hj\u00e4lpa nyanl\u00e4nda akademiker till arbete. Nu har Arbetsf\u00f6rmedlingen beviljat n\u00e4rmare en halv miljon kronor till detta mentorskapsprogram, som d\u00e5 kan forts\u00e4tta \u2013 och f\u00f6rdubblas.<\/p>\n\n\n\n<blockquote class=\"wp-block-quote is-layout-flow wp-block-quote-is-layout-flow\">\n<p>Yrkesinriktade mentorskapsprogram anses vara en framg\u00e5ngsrik v\u00e4g till arbete<\/p>\n<\/blockquote>\n\n\n\n<p>&#8211; Yrkesinriktade mentorskapsprogram anses vara en framg\u00e5ngsrik v\u00e4g till arbete, s\u00e5 beskedet om att samarbetet med Nema Problema och Akademikerf\u00f6rbundet SSR kan forts\u00e4tta \u00e4r oerh\u00f6rt gl\u00e4djande, s\u00e4ger Patrik Eidfelt, f\u00f6rbundsdirekt\u00f6r Kompetensf\u00f6retagen.<\/p>\n\n\n\n<p>Syftet med programmet att p\u00e5skynda nyanl\u00e4ndas etablering p\u00e5 den svenska arbetsmarknaden och synligg\u00f6ra nyanl\u00e4ndas kompetens f\u00f6r potentiella arbetsgivare. Det \u00e4r adepternas behov som st\u00e5r i centrum under hela resan mot arbete. Det handlar om n\u00e4tverkstr\u00e4ffar, introduktion till funktioner p\u00e5 den svenska arbetsmarknaden, kompetensh\u00f6jande workshops och andra aktiviteter anpassat till den enskilde deltagaren. M\u00f6jligheterna att \u00f6va p\u00e5 svenska spr\u00e5ket i de olika sammanhangen blir en viktig bonus. Under projektet avser man \u00e4ven att skapa en plattform som kallas Jobbforum, d\u00e4r nyanl\u00e4nda och rekryteringsf\u00f6retag kan m\u00f6tas.<\/p>\n\n\n\n<blockquote class=\"wp-block-quote is-layout-flow wp-block-quote-is-layout-flow\">\n<p>Det \u00e4r adepternas behov som st\u00e5r i centrum under hela resan mot arbete<\/p>\n<\/blockquote>\n\n\n\n<p>-Kompetensf\u00f6retagen och Akademikerf\u00f6rbundet SSR har under flera \u00e5r samarbetat kring att st\u00f6tta nyanl\u00e4nda akademiker via avtal. Med Nema Problema som erfaret nav i detta samarbete har vi ett nytt, individn\u00e4ra grepp som vi vet fr\u00e5n <a href=\"https:\/\/www.kompetensforetagen.se\/omstallning\/\" target=\"_blank\" rel=\"noopener\">omst\u00e4llningsf\u00f6retagens<\/a> erfarenheter \u00e4r framg\u00e5ngsrikt, s\u00e4ger Patrik Eidfelt.<\/p>\n","protected":false},"excerpt":{"rendered":"<p>Kompetensf\u00f6retagen, Akademikerf\u00f6rbundet SSR och den ideella organisation Nema Problema inledde ifjol ett mentorskapssamarbete f\u00f6r att hj\u00e4lpa nyanl\u00e4nda akademiker till arbete. Nu har Arbetsf\u00f6rmedlingen beviljat n\u00e4rmare en halv miljon kronor till detta mentorskapsprogram, som d\u00e5 kan &hellip;<\/p>\n","protected":false},"author":6358,"featured_media":10347,"comment_status":"closed","ping_status":"closed","sticky":false,"template":"","format":"standard","meta":{"_acf_changed":false,"footnotes":""},"categories":[10,206],"tags":[],"article_type":[8],"agreement":[],"for-members":[],"class_list":["post-10857","post","type-post","status-publish","format-standard","has-post-thumbnail","hentry","category-arbetsmarknad","category-integration","type-aktuellt"],"acf":[],"yoast_head":"<!-- This site is optimized with the Yoast SEO Premium plugin v26.8 (Yoast SEO v26.8) - https:\/\/yoast.com\/product\/yoast-seo-premium-wordpress\/ -->\n<title>Halv miljon kronor till mentorskapssamarbete<\/title>\n<meta name=\"description\" content=\"Arbetsf\u00f6rmedlingen har beviljat n\u00e4rmare en halv miljon kronor till ett mentorskapsprogram med Kompetensf\u00f6retagen, Akademikerf\u00f6rbundet SSR och Nema Problema.\" \/>\n<meta name=\"robots\" content=\"index, follow, max-snippet:-1, max-image-preview:large, max-video-preview:-1\" \/>\n<link rel=\"canonical\" href=\"https:\/\/www.kompetensforetagen.se\/2023\/02\/halv-miljon-kronor-till-mentorskapssamarbete-for-nyanlanda-akademiker\/\" \/>\n<meta property=\"og:locale\" content=\"sv_SE\" \/>\n<meta property=\"og:type\" content=\"article\" \/>\n<meta property=\"og:title\" content=\"Halv miljon kronor till mentorskapssamarbete f\u00f6r nyanl\u00e4nda akademiker\" \/>\n<meta property=\"og:description\" content=\"Arbetsf\u00f6rmedlingen har beviljat n\u00e4rmare en halv miljon kronor till ett mentorskapsprogram med Kompetensf\u00f6retagen, Akademikerf\u00f6rbundet SSR och Nema Problema.\" \/>\n<meta property=\"og:url\" content=\"https:\/\/www.kompetensforetagen.se\/2023\/02\/halv-miljon-kronor-till-mentorskapssamarbete-for-nyanlanda-akademiker\/\" \/>\n<meta property=\"og:site_name\" content=\"Kompetensf\u00f6retagen\" \/>\n<meta property=\"article:published_time\" content=\"2023-02-07T12:07:18+00:00\" \/>\n<meta property=\"article:modified_time\" content=\"2023-07-14T08:31:36+00:00\" \/>\n<meta property=\"og:image\" content=\"https:\/\/www.kompetensforetagen.se\/app\/uploads\/sites\/5\/2022\/11\/pexels-monstera-6238186-scaled.jpg\" \/>\n\t<meta property=\"og:image:width\" content=\"2560\" \/>\n\t<meta property=\"og:image:height\" content=\"1707\" \/>\n\t<meta property=\"og:image:type\" content=\"image\/jpeg\" \/>\n<meta name=\"twitter:card\" content=\"summary_large_image\" \/>\n<meta name=\"twitter:label1\" content=\"Skriven av\" \/>\n\t<meta name=\"twitter:data1\" content=\"\" \/>\n\t<meta name=\"twitter:label2\" content=\"Ber\u00e4knad l\u00e4stid\" \/>\n\t<meta name=\"twitter:data2\" content=\"2 minuter\" \/>\n<!-- \/ Yoast SEO Premium plugin. -->","yoast_head_json":{"title":"Halv miljon kronor till mentorskapssamarbete","description":"Arbetsf\u00f6rmedlingen har beviljat n\u00e4rmare en halv miljon kronor till ett mentorskapsprogram med Kompetensf\u00f6retagen, Akademikerf\u00f6rbundet SSR och Nema Problema.","robots":{"index":"index","follow":"follow","max-snippet":"max-snippet:-1","max-image-preview":"max-image-preview:large","max-video-preview":"max-video-preview:-1"},"canonical":"https:\/\/www.kompetensforetagen.se\/2023\/02\/halv-miljon-kronor-till-mentorskapssamarbete-for-nyanlanda-akademiker\/","og_locale":"sv_SE","og_type":"article","og_title":"Halv miljon kronor till mentorskapssamarbete f\u00f6r nyanl\u00e4nda akademiker","og_description":"Arbetsf\u00f6rmedlingen har beviljat n\u00e4rmare en halv miljon kronor till ett mentorskapsprogram med Kompetensf\u00f6retagen, Akademikerf\u00f6rbundet SSR och Nema Problema.","og_url":"https:\/\/www.kompetensforetagen.se\/2023\/02\/halv-miljon-kronor-till-mentorskapssamarbete-for-nyanlanda-akademiker\/","og_site_name":"Kompetensf\u00f6retagen","article_published_time":"2023-02-07T12:07:18+00:00","article_modified_time":"2023-07-14T08:31:36+00:00","og_image":[{"width":2560,"height":1707,"url":"https:\/\/www.kompetensforetagen.se\/app\/uploads\/sites\/5\/2022\/11\/pexels-monstera-6238186-scaled.jpg","type":"image\/jpeg"}],"twitter_card":"summary_large_image","twitter_misc":{"Skriven av":"","Ber\u00e4knad l\u00e4stid":"2 minuter"},"schema":{"@context":"https:\/\/schema.org","@graph":[{"@type":"Article","@id":"https:\/\/www.kompetensforetagen.se\/2023\/02\/halv-miljon-kronor-till-mentorskapssamarbete-for-nyanlanda-akademiker\/#article","isPartOf":{"@id":"https:\/\/www.kompetensforetagen.se\/2023\/02\/halv-miljon-kronor-till-mentorskapssamarbete-for-nyanlanda-akademiker\/"},"author":{"name":"","@id":""},"headline":"Halv miljon kronor till mentorskapssamarbete f\u00f6r nyanl\u00e4nda akademiker","datePublished":"2023-02-07T12:07:18+00:00","dateModified":"2023-07-14T08:31:36+00:00","mainEntityOfPage":{"@id":"https:\/\/www.kompetensforetagen.se\/2023\/02\/halv-miljon-kronor-till-mentorskapssamarbete-for-nyanlanda-akademiker\/"},"wordCount":274,"publisher":{"@id":"https:\/\/www.kompetensforetagen.se\/#organization"},"image":{"@id":"https:\/\/www.kompetensforetagen.se\/2023\/02\/halv-miljon-kronor-till-mentorskapssamarbete-for-nyanlanda-akademiker\/#primaryimage"},"thumbnailUrl":"https:\/\/www.kompetensforetagen.se\/app\/uploads\/sites\/5\/2022\/11\/pexels-monstera-6238186-scaled.jpg","articleSection":["Arbetsmarknad","Integration"],"inLanguage":"sv-SE"},{"@type":"WebPage","@id":"https:\/\/www.kompetensforetagen.se\/2023\/02\/halv-miljon-kronor-till-mentorskapssamarbete-for-nyanlanda-akademiker\/","url":"https:\/\/www.kompetensforetagen.se\/2023\/02\/halv-miljon-kronor-till-mentorskapssamarbete-for-nyanlanda-akademiker\/","name":"Halv miljon kronor till mentorskapssamarbete","isPartOf":{"@id":"https:\/\/www.kompetensforetagen.se\/#website"},"primaryImageOfPage":{"@id":"https:\/\/www.kompetensforetagen.se\/2023\/02\/halv-miljon-kronor-till-mentorskapssamarbete-for-nyanlanda-akademiker\/#primaryimage"},"image":{"@id":"https:\/\/www.kompetensforetagen.se\/2023\/02\/halv-miljon-kronor-till-mentorskapssamarbete-for-nyanlanda-akademiker\/#primaryimage"},"thumbnailUrl":"https:\/\/www.kompetensforetagen.se\/app\/uploads\/sites\/5\/2022\/11\/pexels-monstera-6238186-scaled.jpg","datePublished":"2023-02-07T12:07:18+00:00","dateModified":"2023-07-14T08:31:36+00:00","description":"Arbetsf\u00f6rmedlingen har beviljat n\u00e4rmare en halv miljon kronor till ett mentorskapsprogram med Kompetensf\u00f6retagen, Akademikerf\u00f6rbundet SSR och Nema Problema.","breadcrumb":{"@id":"https:\/\/www.kompetensforetagen.se\/2023\/02\/halv-miljon-kronor-till-mentorskapssamarbete-for-nyanlanda-akademiker\/#breadcrumb"},"inLanguage":"sv-SE","potentialAction":[{"@type":"ReadAction","target":["https:\/\/www.kompetensforetagen.se\/2023\/02\/halv-miljon-kronor-till-mentorskapssamarbete-for-nyanlanda-akademiker\/"]}]},{"@type":"ImageObject","inLanguage":"sv-SE","@id":"https:\/\/www.kompetensforetagen.se\/2023\/02\/halv-miljon-kronor-till-mentorskapssamarbete-for-nyanlanda-akademiker\/#primaryimage","url":"https:\/\/www.kompetensforetagen.se\/app\/uploads\/sites\/5\/2022\/11\/pexels-monstera-6238186-scaled.jpg","contentUrl":"https:\/\/www.kompetensforetagen.se\/app\/uploads\/sites\/5\/2022\/11\/pexels-monstera-6238186-scaled.jpg","width":2560,"height":1707,"caption":"Arbetsf\u00f6rmedlingens reform beh\u00f6vs f\u00f6r en arbetsmarknadspolitik som s\u00e4krar kompetensf\u00f6rs\u00f6rjningen och hj\u00e4lper m\u00e4nniskor till arbete."},{"@type":"BreadcrumbList","@id":"https:\/\/www.kompetensforetagen.se\/2023\/02\/halv-miljon-kronor-till-mentorskapssamarbete-for-nyanlanda-akademiker\/#breadcrumb","itemListElement":[{"@type":"ListItem","position":1,"name":"Home","item":"https:\/\/www.kompetensforetagen.se\/"},{"@type":"ListItem","position":2,"name":"Halv miljon kronor till mentorskapssamarbete f\u00f6r nyanl\u00e4nda akademiker"}]},{"@type":"WebSite","@id":"https:\/\/www.kompetensforetagen.se\/#website","url":"https:\/\/www.kompetensforetagen.se\/","name":"Kompetensf\u00f6retagen","description":"R\u00e4tt person p\u00e5 r\u00e4tt plats kan f\u00f6r\u00e4ndra v\u00e4rlden","publisher":{"@id":"https:\/\/www.kompetensforetagen.se\/#organization"},"potentialAction":[{"@type":"SearchAction","target":{"@type":"EntryPoint","urlTemplate":"https:\/\/www.kompetensforetagen.se\/?s={search_term_string}"},"query-input":{"@type":"PropertyValueSpecification","valueRequired":true,"valueName":"search_term_string"}}],"inLanguage":"sv-SE"},{"@type":"Organization","@id":"https:\/\/www.kompetensforetagen.se\/#organization","name":"Kompetensf\u00f6retagen","url":"https:\/\/www.kompetensforetagen.se\/","logo":{"@type":"ImageObject","inLanguage":"sv-SE","@id":"https:\/\/www.kompetensforetagen.se\/#\/schema\/logo\/image\/","url":"https:\/\/www.kompetensforetagen.se\/app\/uploads\/sites\/5\/2022\/10\/logga_svart.png","contentUrl":"https:\/\/www.kompetensforetagen.se\/app\/uploads\/sites\/5\/2022\/10\/logga_svart.png","width":752,"height":64,"caption":"Kompetensf\u00f6retagen"},"image":{"@id":"https:\/\/www.kompetensforetagen.se\/#\/schema\/logo\/image\/"},"sameAs":["https:\/\/www.linkedin.com\/company\/10540032\/"]},{"@type":"Person","@id":"","url":"https:\/\/www.kompetensforetagen.se\/person\/"}]}},"_links":{"self":[{"href":"https:\/\/www.kompetensforetagen.se\/api\/wp\/v2\/posts\/10857","targetHints":{"allow":["GET"]}}],"collection":[{"href":"https:\/\/www.kompetensforetagen.se\/api\/wp\/v2\/posts"}],"about":[{"href":"https:\/\/www.kompetensforetagen.se\/api\/wp\/v2\/types\/post"}],"author":[{"embeddable":true,"href":"https:\/\/www.kompetensforetagen.se\/api\/wp\/v2\/users\/6358"}],"replies":[{"embeddable":true,"href":"https:\/\/www.kompetensforetagen.se\/api\/wp\/v2\/comments?post=10857"}],"version-history":[{"count":5,"href":"https:\/\/www.kompetensforetagen.se\/api\/wp\/v2\/posts\/10857\/revisions"}],"predecessor-version":[{"id":14665,"href":"https:\/\/www.kompetensforetagen.se\/api\/wp\/v2\/posts\/10857\/revisions\/14665"}],"wp:featuredmedia":[{"embeddable":true,"href":"https:\/\/www.kompetensforetagen.se\/api\/wp\/v2\/media\/10347"}],"wp:attachment":[{"href":"https:\/\/www.kompetensforetagen.se\/api\/wp\/v2\/media?parent=10857"}],"wp:term":[{"taxonomy":"category","embeddable":true,"href":"https:\/\/www.kompetensforetagen.se\/api\/wp\/v2\/categories?post=10857"},{"taxonomy":"post_tag","embeddable":true,"href":"https:\/\/www.kompetensforetagen.se\/api\/wp\/v2\/tags?post=10857"},{"taxonomy":"type","embeddable":true,"href":"https:\/\/www.kompetensforetagen.se\/api\/wp\/v2\/article_type?post=10857"},{"taxonomy":"agreement","embeddable":true,"href":"https:\/\/www.kompetensforetagen.se\/api\/wp\/v2\/agreement?post=10857"},{"taxonomy":"for-members","embeddable":true,"href":"https:\/\/www.kompetensforetagen.se\/api\/wp\/v2\/for-members?post=10857"}],"curies":[{"name":"wp","href":"https:\/\/api.w.org\/{rel}","templated":true}]}}