{"id":10842,"date":"2023-01-31T08:49:50","date_gmt":"2023-01-31T07:49:50","guid":{"rendered":"https:\/\/www.kompetensforetagen.se\/?p=10842"},"modified":"2023-04-21T12:02:50","modified_gmt":"2023-04-21T10:02:50","slug":"debatt-regionens-hyrstopp-ger-inte-tryggare-vard","status":"publish","type":"post","link":"https:\/\/www.kompetensforetagen.se\/2023\/01\/debatt-regionens-hyrstopp-ger-inte-tryggare-vard\/","title":{"rendered":"Debatt: Regionens hyrstopp ger inte tryggare v\u00e5rd"},"content":{"rendered":"\n<p>Under 2022 hade tre av tio s\u00f6rml\u00e4nningar som genomgick en operation f\u00e5tt <a href=\"https:\/\/www.dn.se\/sverige\/fler-svenskar-far-vanta-lange-pa-operation\/\" target=\"_blank\" rel=\"noopener\">v\u00e4nta l\u00e4ngre \u00e4n v\u00e5rdgarantins 90 dagar<\/a>. Behovet av v\u00e5rd i regionen \u00e4r stort, \u00e4nd\u00e5 v\u00e4ljer man att stoppa inhyrning av sjuksk\u00f6terskor. Tidigare hyrstopp har \u00f6kat inhyrningen i en jojoeffekt.<\/p>\n\n\n\n<p>Det borde vara positivt f\u00f6r v\u00e5rdbemanningsbranschen kan tyckas. I\u00a0st\u00e4llet vill Kompetensf\u00f6retagen uppmana regionen att planera sin kompetensf\u00f6rs\u00f6rjning p\u00e5 ett s\u00e4tt som undviker jojoeffekten. Med gott samarbete och ordning och reda skapar vi tillsammans b\u00e4ttre v\u00e5rd.<\/p>\n\n\n\n<blockquote class=\"wp-block-quote is-layout-flow wp-block-quote-is-layout-flow\">\n<p>Inhyrning \u00e4r en effektiv strategi f\u00f6r att \u00f6ka v\u00e5rdens kapacitet, effektivitet och kvalitet<\/p>\n<\/blockquote>\n\n\n\n<p>Inhyrning \u00e4r en effektiv strategi f\u00f6r att \u00f6ka v\u00e5rdens kapacitet, effektivitet och kvalitet. F\u00f6r att v\u00e5rden ska bli \u201doberoende\u201d av konsulter kr\u00e4vs det att regionerna har ett m\u00e5tt av \u00f6veranst\u00e4llda \u2013 endast d\u00e5 kan s\u00e5v\u00e4l korta som l\u00e5nga vakanser t\u00e4ckas och specialister finnas till hands d\u00e5 de eventuellt beh\u00f6vs.<\/p>\n\n\n\n<p>Detta skulle dock inneb\u00e4ra ett oerh\u00f6rt h\u00f6ga kostnader, om dessa personer ens finns att tillg\u00e5.<\/p>\n\n\n\n<p><a href=\"https:\/\/www.kompetensforetagen.se\/2023\/01\/med-bemanningsforetag-stannar-fler-i-varden\/\" target=\"_blank\" rel=\"noopener\">V\u00e5rdbemanningsf\u00f6retag g\u00f6r n\u00e4mligen att m\u00e5nga medarbetare v\u00e4ljer att stanna inom v\u00e5rden<\/a> \u2013 det visar en unders\u00f6kning bland 1&nbsp;000 v\u00e5rdkonsulter, utf\u00f6rd av Demoskop. Om inte m\u00f6jligheten att jobba som konsult fanns skulle endast en tredjedel av dem s\u00f6ka jobb hos kommun eller region. En s\u00e5dan f\u00f6rlust finns det inte utrymme f\u00f6r n\u00e4r v\u00e5rden lider brist p\u00e5 medarbetare.<\/p>\n\n\n\n<p>V\u00e5rdbemanning bidrar till att v\u00e5rdplatser h\u00e5lls \u00f6ppna och att operationer genomf\u00f6rs som planerat. Alternativet \u00e4r ofta ingen v\u00e5rd alls. Det finns inga klara samband mellan brister i patients\u00e4kerhet, kontinuitet och inhyrning. Det samband som dock \u00e4r tydligt \u00e4r hur vakanser p\u00e5verkar patients\u00e4kerheten (IVO, 2023).<\/p>\n\n\n\n<p>F\u00f6r patientens s\u00e4kerhet \u00e4r det mycket viktigare att f\u00e5 tr\u00e4ffa en inhyrd l\u00e4kare \u00e4n ingen l\u00e4kare alls.<\/p>\n\n\n\n<p>En annan faktor \u00e4r arbetsmilj\u00f6n. \u201dStress, arbetsbelastning och bristande \u00e5terh\u00e4mtning \u00e4r exempel p\u00e5 faktorer som p\u00e5verkar m\u00f6jligheten att utf\u00f6ra arbetet p\u00e5 ett s\u00e4kert s\u00e4tt.\u201d <a href=\"https:\/\/patientsakerhet.socialstyrelsen.se\/risker-och-vardskador\/riskomraden\/arbetsmiljo\/\" target=\"_blank\" rel=\"noopener\">Citatet kommer fr\u00e5n Socialstyrelsen<\/a> och handlar just om patients\u00e4kerhet. F\u00f6r att balansera behoven relaterade till kompetensbrist och arbetsmilj\u00f6 beh\u00f6ver v\u00e5rden ha en del r\u00f6rlig arbetskraft i form av v\u00e5rdkonsulter.<\/p>\n\n\n\n<p>Upphandlad inhyrning inneb\u00e4r dessutom f\u00f6ruts\u00e4gbara kostnader som g\u00f6r att v\u00e5rden b\u00e5de kan planera och prognosticera. Kostnaderna n\u00e4r man inte hyr in \u00e4r sv\u00e5rare att m\u00e4ta, men v\u00e4l k\u00e4nda inom v\u00e5rden.<\/p>\n\n\n\n<blockquote class=\"wp-block-quote is-layout-flow wp-block-quote-is-layout-flow\">\n<p>Att sluta anlita konsulter kommer allts\u00e5 inte att ge en tryggare v\u00e5rd<\/p>\n<\/blockquote>\n\n\n\n<p>Att sluta anlita konsulter kommer allts\u00e5 inte att ge en tryggare v\u00e5rd. F\u00e4rre v\u00e5rdkonsulter skapar \u00f6kade v\u00e4ntetider \u2013 p\u00e5 bekostnad av patienterna. Utan v\u00e5rdkonsulter belastas dessutom den direktanst\u00e4llda personalen ytterligare. Sj\u00e4lvklart ska Region S\u00f6rmland i f\u00f6rsta hand bedriva sina verksamheter med just den.<\/p>\n\n\n\n<p>Men med de v\u00e5rdk\u00f6er och den kompetensbrist som r\u00e5der kommer behovet av medarbetare som kan \u00e5ta sig uppdrag p\u00e5 kortare eller l\u00e4ngre tid att finnas kvar under en l\u00e5ng tid fram\u00f6ver.<\/p>\n\n\n\n<p>Kompetensf\u00f6retagen och dess medlemmar st\u00e4ller f\u00f6rhoppningar till den nationella upphandling av v\u00e5rdkonsulter som alla landets regioner st\u00e5r bakom. Historiskt har kostnaderna f\u00f6r inhyrning \u00f6kat n\u00e4r regionerna g\u00e5tt utanf\u00f6r upphandlade ramavtal, ofta p\u00e5 grund av att de inte tagit h\u00f6jd f\u00f6r inhyrning och behovet blivit ett faktum.<\/p>\n\n\n\n<p>Strategiska planer f\u00f6r kompetensbehov \u00e4r kostnadseffektiva \u2013 det kommer alltid en sommar, medarbetare blir alltid sjuka. M\u00e5len f\u00f6r kompetensf\u00f6rs\u00f6rjningen i v\u00e5rden m\u00e5ste vara mer praktiska och h\u00f6gre st\u00e4llda \u00e4n en nollvision f\u00f6r inhyrning. F\u00f6r patienternas, och den egna personalens skull.<\/p>\n\n\n\n<p>Eva Domanders, o<i>rdf\u00f6rande Kompetensf\u00f6retagen<\/i><\/p>\n\n\n\n<p>Patrik Eidfelt, f<i>\u00f6rbundsdirekt\u00f6r Kompetensf\u00f6retagen<\/i><\/p>\n\n\n\n<p><a href=\"https:\/\/ekuriren.se\/debatt\/artikel\/regionens-hyrstopp-ger-inte-tryggare-vard-\/r16oexpj\" target=\"_blank\" rel=\"noopener\">Debattartikeln publicerades p\u00e5 ekuriren.se 31 januari 2023<\/a><\/p>\n","protected":false},"excerpt":{"rendered":"<p>Under 2022 hade tre av tio s\u00f6rml\u00e4nningar som genomgick en operation f\u00e5tt v\u00e4nta l\u00e4ngre \u00e4n v\u00e5rdgarantins 90 dagar. Behovet av v\u00e5rd i regionen \u00e4r stort, \u00e4nd\u00e5 v\u00e4ljer man att stoppa inhyrning av sjuksk\u00f6terskor. Tidigare hyrstopp &hellip;<\/p>\n","protected":false},"author":6358,"featured_media":5322,"comment_status":"closed","ping_status":"closed","sticky":false,"template":"","format":"standard","meta":{"_acf_changed":false,"footnotes":""},"categories":[5],"tags":[],"article_type":[8,32],"agreement":[],"for-members":[],"class_list":["post-10842","post","type-post","status-publish","format-standard","has-post-thumbnail","hentry","category-vard","type-aktuellt","type-debattartiklar"],"acf":[],"yoast_head":"<!-- This site is optimized with the Yoast SEO Premium plugin v26.8 (Yoast SEO v26.8) - https:\/\/yoast.com\/product\/yoast-seo-premium-wordpress\/ -->\n<title>Debatt: Regionens hyrstopp ger inte tryggare v\u00e5rd<\/title>\n<meta name=\"description\" content=\"Hyrstopp ger inte tryggare v\u00e5rd, det som beh\u00f6vs \u00e4r strategisk planering och gott samarbete med de parter som kan bidra till en fungerande v\u00e5rd.\" \/>\n<meta name=\"robots\" content=\"index, follow, max-snippet:-1, max-image-preview:large, max-video-preview:-1\" \/>\n<link rel=\"canonical\" href=\"https:\/\/www.kompetensforetagen.se\/2023\/01\/debatt-regionens-hyrstopp-ger-inte-tryggare-vard\/\" \/>\n<meta property=\"og:locale\" content=\"sv_SE\" \/>\n<meta property=\"og:type\" content=\"article\" \/>\n<meta property=\"og:title\" content=\"Debatt: Regionens hyrstopp ger inte tryggare v\u00e5rd\" \/>\n<meta property=\"og:description\" content=\"Hyrstopp ger inte tryggare v\u00e5rd, det som beh\u00f6vs \u00e4r strategisk planering och gott samarbete med de parter som kan bidra till en fungerande v\u00e5rd.\" \/>\n<meta property=\"og:url\" content=\"https:\/\/www.kompetensforetagen.se\/2023\/01\/debatt-regionens-hyrstopp-ger-inte-tryggare-vard\/\" \/>\n<meta property=\"og:site_name\" content=\"Kompetensf\u00f6retagen\" \/>\n<meta property=\"article:published_time\" content=\"2023-01-31T07:49:50+00:00\" \/>\n<meta property=\"article:modified_time\" content=\"2023-04-21T10:02:50+00:00\" \/>\n<meta property=\"og:image\" content=\"https:\/\/www.kompetensforetagen.se\/app\/uploads\/sites\/5\/2020\/09\/evaochpatrik-2.png\" \/>\n\t<meta property=\"og:image:width\" content=\"1073\" \/>\n\t<meta property=\"og:image:height\" content=\"757\" \/>\n\t<meta property=\"og:image:type\" content=\"image\/png\" \/>\n<meta name=\"twitter:card\" content=\"summary_large_image\" \/>\n<meta name=\"twitter:label1\" content=\"Skriven av\" \/>\n\t<meta name=\"twitter:data1\" content=\"\" \/>\n\t<meta name=\"twitter:label2\" content=\"Ber\u00e4knad l\u00e4stid\" \/>\n\t<meta name=\"twitter:data2\" content=\"3 minuter\" \/>\n<!-- \/ Yoast SEO Premium plugin. -->","yoast_head_json":{"title":"Debatt: Regionens hyrstopp ger inte tryggare v\u00e5rd","description":"Hyrstopp ger inte tryggare v\u00e5rd, det som beh\u00f6vs \u00e4r strategisk planering och gott samarbete med de parter som kan bidra till en fungerande v\u00e5rd.","robots":{"index":"index","follow":"follow","max-snippet":"max-snippet:-1","max-image-preview":"max-image-preview:large","max-video-preview":"max-video-preview:-1"},"canonical":"https:\/\/www.kompetensforetagen.se\/2023\/01\/debatt-regionens-hyrstopp-ger-inte-tryggare-vard\/","og_locale":"sv_SE","og_type":"article","og_title":"Debatt: Regionens hyrstopp ger inte tryggare v\u00e5rd","og_description":"Hyrstopp ger inte tryggare v\u00e5rd, det som beh\u00f6vs \u00e4r strategisk planering och gott samarbete med de parter som kan bidra till en fungerande v\u00e5rd.","og_url":"https:\/\/www.kompetensforetagen.se\/2023\/01\/debatt-regionens-hyrstopp-ger-inte-tryggare-vard\/","og_site_name":"Kompetensf\u00f6retagen","article_published_time":"2023-01-31T07:49:50+00:00","article_modified_time":"2023-04-21T10:02:50+00:00","og_image":[{"width":1073,"height":757,"url":"https:\/\/www.kompetensforetagen.se\/app\/uploads\/sites\/5\/2020\/09\/evaochpatrik-2.png","type":"image\/png"}],"twitter_card":"summary_large_image","twitter_misc":{"Skriven av":"","Ber\u00e4knad l\u00e4stid":"3 minuter"},"schema":{"@context":"https:\/\/schema.org","@graph":[{"@type":"Article","@id":"https:\/\/www.kompetensforetagen.se\/2023\/01\/debatt-regionens-hyrstopp-ger-inte-tryggare-vard\/#article","isPartOf":{"@id":"https:\/\/www.kompetensforetagen.se\/2023\/01\/debatt-regionens-hyrstopp-ger-inte-tryggare-vard\/"},"author":{"name":"","@id":""},"headline":"Debatt: Regionens hyrstopp ger inte tryggare v\u00e5rd","datePublished":"2023-01-31T07:49:50+00:00","dateModified":"2023-04-21T10:02:50+00:00","mainEntityOfPage":{"@id":"https:\/\/www.kompetensforetagen.se\/2023\/01\/debatt-regionens-hyrstopp-ger-inte-tryggare-vard\/"},"wordCount":675,"publisher":{"@id":"https:\/\/www.kompetensforetagen.se\/#organization"},"image":{"@id":"https:\/\/www.kompetensforetagen.se\/2023\/01\/debatt-regionens-hyrstopp-ger-inte-tryggare-vard\/#primaryimage"},"thumbnailUrl":"https:\/\/www.kompetensforetagen.se\/app\/uploads\/sites\/5\/2020\/09\/evaochpatrik-2.png","articleSection":["V\u00e5rdbemanning"],"inLanguage":"sv-SE"},{"@type":"WebPage","@id":"https:\/\/www.kompetensforetagen.se\/2023\/01\/debatt-regionens-hyrstopp-ger-inte-tryggare-vard\/","url":"https:\/\/www.kompetensforetagen.se\/2023\/01\/debatt-regionens-hyrstopp-ger-inte-tryggare-vard\/","name":"Debatt: Regionens hyrstopp ger inte tryggare v\u00e5rd","isPartOf":{"@id":"https:\/\/www.kompetensforetagen.se\/#website"},"primaryImageOfPage":{"@id":"https:\/\/www.kompetensforetagen.se\/2023\/01\/debatt-regionens-hyrstopp-ger-inte-tryggare-vard\/#primaryimage"},"image":{"@id":"https:\/\/www.kompetensforetagen.se\/2023\/01\/debatt-regionens-hyrstopp-ger-inte-tryggare-vard\/#primaryimage"},"thumbnailUrl":"https:\/\/www.kompetensforetagen.se\/app\/uploads\/sites\/5\/2020\/09\/evaochpatrik-2.png","datePublished":"2023-01-31T07:49:50+00:00","dateModified":"2023-04-21T10:02:50+00:00","description":"Hyrstopp ger inte tryggare v\u00e5rd, det som beh\u00f6vs \u00e4r strategisk planering och gott samarbete med de parter som kan bidra till en fungerande v\u00e5rd.","breadcrumb":{"@id":"https:\/\/www.kompetensforetagen.se\/2023\/01\/debatt-regionens-hyrstopp-ger-inte-tryggare-vard\/#breadcrumb"},"inLanguage":"sv-SE","potentialAction":[{"@type":"ReadAction","target":["https:\/\/www.kompetensforetagen.se\/2023\/01\/debatt-regionens-hyrstopp-ger-inte-tryggare-vard\/"]}]},{"@type":"ImageObject","inLanguage":"sv-SE","@id":"https:\/\/www.kompetensforetagen.se\/2023\/01\/debatt-regionens-hyrstopp-ger-inte-tryggare-vard\/#primaryimage","url":"https:\/\/www.kompetensforetagen.se\/app\/uploads\/sites\/5\/2020\/09\/evaochpatrik-2.png","contentUrl":"https:\/\/www.kompetensforetagen.se\/app\/uploads\/sites\/5\/2020\/09\/evaochpatrik-2.png","width":1073,"height":757,"caption":"Debatt\u00f6rerna Eva Domanders och Patrik Eidfelt"},{"@type":"BreadcrumbList","@id":"https:\/\/www.kompetensforetagen.se\/2023\/01\/debatt-regionens-hyrstopp-ger-inte-tryggare-vard\/#breadcrumb","itemListElement":[{"@type":"ListItem","position":1,"name":"Home","item":"https:\/\/www.kompetensforetagen.se\/"},{"@type":"ListItem","position":2,"name":"Debatt: Regionens hyrstopp ger inte tryggare v\u00e5rd"}]},{"@type":"WebSite","@id":"https:\/\/www.kompetensforetagen.se\/#website","url":"https:\/\/www.kompetensforetagen.se\/","name":"Kompetensf\u00f6retagen","description":"R\u00e4tt person p\u00e5 r\u00e4tt plats kan f\u00f6r\u00e4ndra v\u00e4rlden","publisher":{"@id":"https:\/\/www.kompetensforetagen.se\/#organization"},"potentialAction":[{"@type":"SearchAction","target":{"@type":"EntryPoint","urlTemplate":"https:\/\/www.kompetensforetagen.se\/?s={search_term_string}"},"query-input":{"@type":"PropertyValueSpecification","valueRequired":true,"valueName":"search_term_string"}}],"inLanguage":"sv-SE"},{"@type":"Organization","@id":"https:\/\/www.kompetensforetagen.se\/#organization","name":"Kompetensf\u00f6retagen","url":"https:\/\/www.kompetensforetagen.se\/","logo":{"@type":"ImageObject","inLanguage":"sv-SE","@id":"https:\/\/www.kompetensforetagen.se\/#\/schema\/logo\/image\/","url":"https:\/\/www.kompetensforetagen.se\/app\/uploads\/sites\/5\/2022\/10\/logga_svart.png","contentUrl":"https:\/\/www.kompetensforetagen.se\/app\/uploads\/sites\/5\/2022\/10\/logga_svart.png","width":752,"height":64,"caption":"Kompetensf\u00f6retagen"},"image":{"@id":"https:\/\/www.kompetensforetagen.se\/#\/schema\/logo\/image\/"},"sameAs":["https:\/\/www.linkedin.com\/company\/10540032\/"]},{"@type":"Person","@id":"","url":"https:\/\/www.kompetensforetagen.se\/person\/"}]}},"_links":{"self":[{"href":"https:\/\/www.kompetensforetagen.se\/api\/wp\/v2\/posts\/10842","targetHints":{"allow":["GET"]}}],"collection":[{"href":"https:\/\/www.kompetensforetagen.se\/api\/wp\/v2\/posts"}],"about":[{"href":"https:\/\/www.kompetensforetagen.se\/api\/wp\/v2\/types\/post"}],"author":[{"embeddable":true,"href":"https:\/\/www.kompetensforetagen.se\/api\/wp\/v2\/users\/6358"}],"replies":[{"embeddable":true,"href":"https:\/\/www.kompetensforetagen.se\/api\/wp\/v2\/comments?post=10842"}],"version-history":[{"count":2,"href":"https:\/\/www.kompetensforetagen.se\/api\/wp\/v2\/posts\/10842\/revisions"}],"predecessor-version":[{"id":13184,"href":"https:\/\/www.kompetensforetagen.se\/api\/wp\/v2\/posts\/10842\/revisions\/13184"}],"wp:featuredmedia":[{"embeddable":true,"href":"https:\/\/www.kompetensforetagen.se\/api\/wp\/v2\/media\/5322"}],"wp:attachment":[{"href":"https:\/\/www.kompetensforetagen.se\/api\/wp\/v2\/media?parent=10842"}],"wp:term":[{"taxonomy":"category","embeddable":true,"href":"https:\/\/www.kompetensforetagen.se\/api\/wp\/v2\/categories?post=10842"},{"taxonomy":"post_tag","embeddable":true,"href":"https:\/\/www.kompetensforetagen.se\/api\/wp\/v2\/tags?post=10842"},{"taxonomy":"type","embeddable":true,"href":"https:\/\/www.kompetensforetagen.se\/api\/wp\/v2\/article_type?post=10842"},{"taxonomy":"agreement","embeddable":true,"href":"https:\/\/www.kompetensforetagen.se\/api\/wp\/v2\/agreement?post=10842"},{"taxonomy":"for-members","embeddable":true,"href":"https:\/\/www.kompetensforetagen.se\/api\/wp\/v2\/for-members?post=10842"}],"curies":[{"name":"wp","href":"https:\/\/api.w.org\/{rel}","templated":true}]}}