{"id":10799,"date":"2023-01-25T09:01:11","date_gmt":"2023-01-25T08:01:11","guid":{"rendered":"https:\/\/www.kompetensforetagen.se\/?p=10799"},"modified":"2023-07-14T10:30:52","modified_gmt":"2023-07-14T08:30:52","slug":"med-bemanningsforetag-stannar-fler-i-varden","status":"publish","type":"post","link":"https:\/\/www.kompetensforetagen.se\/2023\/01\/med-bemanningsforetag-stannar-fler-i-varden\/","title":{"rendered":"Med bemannings&shy;f\u00f6retag stannar fler i v\u00e5rden"},"content":{"rendered":"\n<p>Med bemanningsf\u00f6retag stannar fler i v\u00e5rden; om inte m\u00f6jligheten att jobba som v\u00e5rdbemanningskonsult fanns skulle endast var tredje jobba f\u00f6r kommun eller region. Det visar en unders\u00f6kning av Demoskop utf\u00f6rd p\u00e5 uppdrag av Kompetensf\u00f6retagen. F\u00f6r <a href=\"https:\/\/www.svt.se\/nyheter\/lokalt\/sormland\/region-sormland-vill-bli-oberoende-av-hyrpersonal-bemanningsforetagen-kritiska\" target=\"_blank\" rel=\"noopener\">SVT S\u00f6rmland f\u00f6rklarar Kompetensf\u00f6retagens ordf\u00f6rande Eva Domanders mer.<\/a><\/p>\n\n\n\n<p>Coronapandemin har slitit h\u00e5rt p\u00e5 den svenska v\u00e5rdapparaten. M\u00e5nga verksamma har l\u00e4mnat, eller \u00f6verv\u00e4ger att l\u00e4mna sina v\u00e5rdyrken. Samtidigt \u00e4r v\u00e5rdk\u00f6erna l\u00e5nga och p\u00e5 m\u00e5nga h\u00e5ll i landet minskar v\u00e5rdplatserna.<\/p>\n\n\n\n<p>&#8211;<a href=\"https:\/\/www.dn.se\/debatt\/utan-bemanningsbranschen-skulle-svensk-sjukvard-inte-fungera\/\" target=\"_blank\" rel=\"noopener\">V\u00e5rdbemanningsf\u00f6retagen \u00e4r en starkt bidragande faktor till att kompetensf\u00f6rs\u00f6rjningen i svensk v\u00e5rd fungera<\/a>r, s\u00e4ger Eva Domanders.<\/p>\n\n\n\n<figure class=\"wp-block-image\"><img loading=\"lazy\" decoding=\"async\" width=\"795\" height=\"463\" src=\"https:\/\/www.almega.se\/app\/uploads\/sites\/5\/2023\/01\/graf-konsult.png\" alt=\"\" class=\"wp-image-10804\" srcset=\"https:\/\/www.kompetensforetagen.se\/app\/uploads\/sites\/5\/2023\/01\/graf-konsult.png 795w, https:\/\/www.kompetensforetagen.se\/app\/uploads\/sites\/5\/2023\/01\/graf-konsult-580x338.png 580w, https:\/\/www.kompetensforetagen.se\/app\/uploads\/sites\/5\/2023\/01\/graf-konsult-380x221.png 380w, https:\/\/www.kompetensforetagen.se\/app\/uploads\/sites\/5\/2023\/01\/graf-konsult-768x447.png 768w\" sizes=\"auto, (max-width: 795px) 100vw, 795px\" \/><\/figure>\n\n\n\n<p><span style=\"background-color: transparent;font-size: 1.0625rem;font-weight: bold\">Med bemanningsf\u00f6retag stannar fler i v\u00e5rden<br><\/span><span style=\"background-color: transparent;font-size: 1rem\">-Av de svarande \u00e4r det bara en tredjedel av konsulterna som uppger att de skulle s\u00f6ka sig till kommun eller region om inte m\u00f6jligheten att jobba som just konsult fanns. Var femte skulle g\u00e5 till privata v\u00e5rdgivare, s\u00e4ger Eva Domanders.<\/span><\/p>\n\n\n\n<p>Med inhyrning f\u00e5r regioner och kommuner v\u00e5rdpersonal till glesbygden, specialister vid behov och vakanser fyllda vid exempelvis semestrar, vidareutbildning, VAB och sjukdom, till en kostnad av mindre \u00e4n fyra procent av den totala personalbudgeten.<\/p>\n\n\n\n<p>-Enligt Sveriges Kommuner och Regioners egna siffror motsvarade enbart sjukfr\u00e5nvaro l\u00e4ngre \u00e4n 30 dagar i regionerna, p\u00e5 hel- eller deltid, cirka 7 200 \u00e5rsarbetare 2019. Motsvarande sjukfr\u00e5nvaro under 2021 motsvarade cirka 7 800 \u00e5rsarbetare. Enbart sett till detta \u00e4r v\u00e5rdbemanningsf\u00f6retagen en starkt bidragande faktor till att kompetensf\u00f6rs\u00f6rjningen i svensk v\u00e5rd fungerar, s\u00e4ger Eva Domanders.<\/p>\n\n\n\n<figure class=\"wp-block-table\"><table class=\"has-secondary-background-color has-background\"><tbody><tr><td><strong>Om unders\u00f6kningen:<br><\/strong><span style=\"background-color: transparent;font-size: 1rem\">Intervjuerna \u00e4r genomf\u00f6rda av Demoskop med hj\u00e4lp av webbenk\u00e4ter till konsulter som jobbar i Kompetensf\u00f6retagens medlemsf\u00f6retag<\/span>.<br>F\u00e4ltperiod: 24\/8-20\/9 2022<br>Genomf\u00f6rda webbenk\u00e4ter: 991<br>Respondenterna \u00e4r anonyma<br><\/td><\/tr><\/tbody><\/table><\/figure>\n","protected":false},"excerpt":{"rendered":"<p>Med bemanningsf\u00f6retag stannar fler i v\u00e5rden; om inte m\u00f6jligheten att jobba som v\u00e5rdbemanningskonsult fanns skulle endast var tredje jobba f\u00f6r kommun eller region. Det visar en unders\u00f6kning av Demoskop utf\u00f6rd p\u00e5 uppdrag av Kompetensf\u00f6retagen. F\u00f6r &hellip;<\/p>\n","protected":false},"author":6358,"featured_media":10811,"comment_status":"closed","ping_status":"closed","sticky":false,"template":"","format":"standard","meta":{"_acf_changed":false,"footnotes":""},"categories":[5],"tags":[],"article_type":[8],"agreement":[],"for-members":[],"class_list":["post-10799","post","type-post","status-publish","format-standard","has-post-thumbnail","hentry","category-vard","type-aktuellt"],"acf":[],"yoast_head":"<!-- This site is optimized with the Yoast SEO Premium plugin v26.8 (Yoast SEO v26.8) - https:\/\/yoast.com\/product\/yoast-seo-premium-wordpress\/ -->\n<title>Med bemanningsf\u00f6retag stannar fler i v\u00e5rden<\/title>\n<meta name=\"description\" content=\"Med bemanningsf\u00f6retag stannar fler i v\u00e5rden - utan m\u00f6jlighet att jobba som konsult skulle endast var tredje konsult jobba f\u00f6r kommun eller region\" \/>\n<meta name=\"robots\" content=\"index, follow, max-snippet:-1, max-image-preview:large, max-video-preview:-1\" \/>\n<link rel=\"canonical\" href=\"https:\/\/www.kompetensforetagen.se\/2023\/01\/med-bemanningsforetag-stannar-fler-i-varden\/\" \/>\n<meta property=\"og:locale\" content=\"sv_SE\" \/>\n<meta property=\"og:type\" content=\"article\" \/>\n<meta property=\"og:title\" content=\"Med bemanningsf\u00f6retag stannar fler i v\u00e5rden\" \/>\n<meta property=\"og:description\" content=\"Med bemanningsf\u00f6retag stannar fler i v\u00e5rden - utan m\u00f6jlighet att jobba som konsult skulle endast var tredje konsult jobba f\u00f6r kommun eller region\" \/>\n<meta property=\"og:url\" content=\"https:\/\/www.kompetensforetagen.se\/2023\/01\/med-bemanningsforetag-stannar-fler-i-varden\/\" \/>\n<meta property=\"og:site_name\" content=\"Kompetensf\u00f6retagen\" \/>\n<meta property=\"article:published_time\" content=\"2023-01-25T08:01:11+00:00\" \/>\n<meta property=\"article:modified_time\" content=\"2023-07-14T08:30:52+00:00\" \/>\n<meta property=\"og:image\" content=\"https:\/\/www.kompetensforetagen.se\/app\/uploads\/sites\/5\/2023\/01\/pexels-karolina-grabowska-4021779-scaled.jpg\" \/>\n\t<meta property=\"og:image:width\" content=\"2560\" \/>\n\t<meta property=\"og:image:height\" content=\"1707\" \/>\n\t<meta property=\"og:image:type\" content=\"image\/jpeg\" \/>\n<meta name=\"twitter:card\" content=\"summary_large_image\" \/>\n<meta name=\"twitter:label1\" content=\"Skriven av\" \/>\n\t<meta name=\"twitter:data1\" content=\"\" \/>\n\t<meta name=\"twitter:label2\" content=\"Ber\u00e4knad l\u00e4stid\" \/>\n\t<meta name=\"twitter:data2\" content=\"2 minuter\" \/>\n<!-- \/ Yoast SEO Premium plugin. -->","yoast_head_json":{"title":"Med bemanningsf\u00f6retag stannar fler i v\u00e5rden","description":"Med bemanningsf\u00f6retag stannar fler i v\u00e5rden - utan m\u00f6jlighet att jobba som konsult skulle endast var tredje konsult jobba f\u00f6r kommun eller region","robots":{"index":"index","follow":"follow","max-snippet":"max-snippet:-1","max-image-preview":"max-image-preview:large","max-video-preview":"max-video-preview:-1"},"canonical":"https:\/\/www.kompetensforetagen.se\/2023\/01\/med-bemanningsforetag-stannar-fler-i-varden\/","og_locale":"sv_SE","og_type":"article","og_title":"Med bemanningsf\u00f6retag stannar fler i v\u00e5rden","og_description":"Med bemanningsf\u00f6retag stannar fler i v\u00e5rden - utan m\u00f6jlighet att jobba som konsult skulle endast var tredje konsult jobba f\u00f6r kommun eller region","og_url":"https:\/\/www.kompetensforetagen.se\/2023\/01\/med-bemanningsforetag-stannar-fler-i-varden\/","og_site_name":"Kompetensf\u00f6retagen","article_published_time":"2023-01-25T08:01:11+00:00","article_modified_time":"2023-07-14T08:30:52+00:00","og_image":[{"width":2560,"height":1707,"url":"https:\/\/www.kompetensforetagen.se\/app\/uploads\/sites\/5\/2023\/01\/pexels-karolina-grabowska-4021779-scaled.jpg","type":"image\/jpeg"}],"twitter_card":"summary_large_image","twitter_misc":{"Skriven av":"","Ber\u00e4knad l\u00e4stid":"2 minuter"},"schema":{"@context":"https:\/\/schema.org","@graph":[{"@type":"Article","@id":"https:\/\/www.kompetensforetagen.se\/2023\/01\/med-bemanningsforetag-stannar-fler-i-varden\/#article","isPartOf":{"@id":"https:\/\/www.kompetensforetagen.se\/2023\/01\/med-bemanningsforetag-stannar-fler-i-varden\/"},"author":{"name":"","@id":""},"headline":"Med bemannings&shy;f\u00f6retag stannar fler i v\u00e5rden","datePublished":"2023-01-25T08:01:11+00:00","dateModified":"2023-07-14T08:30:52+00:00","mainEntityOfPage":{"@id":"https:\/\/www.kompetensforetagen.se\/2023\/01\/med-bemanningsforetag-stannar-fler-i-varden\/"},"wordCount":307,"publisher":{"@id":"https:\/\/www.kompetensforetagen.se\/#organization"},"image":{"@id":"https:\/\/www.kompetensforetagen.se\/2023\/01\/med-bemanningsforetag-stannar-fler-i-varden\/#primaryimage"},"thumbnailUrl":"https:\/\/www.kompetensforetagen.se\/app\/uploads\/sites\/5\/2023\/01\/pexels-karolina-grabowska-4021779-scaled.jpg","articleSection":["V\u00e5rdbemanning"],"inLanguage":"sv-SE"},{"@type":"WebPage","@id":"https:\/\/www.kompetensforetagen.se\/2023\/01\/med-bemanningsforetag-stannar-fler-i-varden\/","url":"https:\/\/www.kompetensforetagen.se\/2023\/01\/med-bemanningsforetag-stannar-fler-i-varden\/","name":"Med bemanningsf\u00f6retag stannar fler i v\u00e5rden","isPartOf":{"@id":"https:\/\/www.kompetensforetagen.se\/#website"},"primaryImageOfPage":{"@id":"https:\/\/www.kompetensforetagen.se\/2023\/01\/med-bemanningsforetag-stannar-fler-i-varden\/#primaryimage"},"image":{"@id":"https:\/\/www.kompetensforetagen.se\/2023\/01\/med-bemanningsforetag-stannar-fler-i-varden\/#primaryimage"},"thumbnailUrl":"https:\/\/www.kompetensforetagen.se\/app\/uploads\/sites\/5\/2023\/01\/pexels-karolina-grabowska-4021779-scaled.jpg","datePublished":"2023-01-25T08:01:11+00:00","dateModified":"2023-07-14T08:30:52+00:00","description":"Med bemanningsf\u00f6retag stannar fler i v\u00e5rden - utan m\u00f6jlighet att jobba som konsult skulle endast var tredje konsult jobba f\u00f6r kommun eller region","breadcrumb":{"@id":"https:\/\/www.kompetensforetagen.se\/2023\/01\/med-bemanningsforetag-stannar-fler-i-varden\/#breadcrumb"},"inLanguage":"sv-SE","potentialAction":[{"@type":"ReadAction","target":["https:\/\/www.kompetensforetagen.se\/2023\/01\/med-bemanningsforetag-stannar-fler-i-varden\/"]}]},{"@type":"ImageObject","inLanguage":"sv-SE","@id":"https:\/\/www.kompetensforetagen.se\/2023\/01\/med-bemanningsforetag-stannar-fler-i-varden\/#primaryimage","url":"https:\/\/www.kompetensforetagen.se\/app\/uploads\/sites\/5\/2023\/01\/pexels-karolina-grabowska-4021779-scaled.jpg","contentUrl":"https:\/\/www.kompetensforetagen.se\/app\/uploads\/sites\/5\/2023\/01\/pexels-karolina-grabowska-4021779-scaled.jpg","width":2560,"height":1707,"caption":"Man i v\u00e5rdkl\u00e4der med stetoskop runt halsen korsar armarna \u00f6ver br\u00f6stet"},{"@type":"BreadcrumbList","@id":"https:\/\/www.kompetensforetagen.se\/2023\/01\/med-bemanningsforetag-stannar-fler-i-varden\/#breadcrumb","itemListElement":[{"@type":"ListItem","position":1,"name":"Home","item":"https:\/\/www.kompetensforetagen.se\/"},{"@type":"ListItem","position":2,"name":"Med bemannings&shy;f\u00f6retag stannar fler i v\u00e5rden"}]},{"@type":"WebSite","@id":"https:\/\/www.kompetensforetagen.se\/#website","url":"https:\/\/www.kompetensforetagen.se\/","name":"Kompetensf\u00f6retagen","description":"R\u00e4tt person p\u00e5 r\u00e4tt plats kan f\u00f6r\u00e4ndra v\u00e4rlden","publisher":{"@id":"https:\/\/www.kompetensforetagen.se\/#organization"},"potentialAction":[{"@type":"SearchAction","target":{"@type":"EntryPoint","urlTemplate":"https:\/\/www.kompetensforetagen.se\/?s={search_term_string}"},"query-input":{"@type":"PropertyValueSpecification","valueRequired":true,"valueName":"search_term_string"}}],"inLanguage":"sv-SE"},{"@type":"Organization","@id":"https:\/\/www.kompetensforetagen.se\/#organization","name":"Kompetensf\u00f6retagen","url":"https:\/\/www.kompetensforetagen.se\/","logo":{"@type":"ImageObject","inLanguage":"sv-SE","@id":"https:\/\/www.kompetensforetagen.se\/#\/schema\/logo\/image\/","url":"https:\/\/www.kompetensforetagen.se\/app\/uploads\/sites\/5\/2022\/10\/logga_svart.png","contentUrl":"https:\/\/www.kompetensforetagen.se\/app\/uploads\/sites\/5\/2022\/10\/logga_svart.png","width":752,"height":64,"caption":"Kompetensf\u00f6retagen"},"image":{"@id":"https:\/\/www.kompetensforetagen.se\/#\/schema\/logo\/image\/"},"sameAs":["https:\/\/www.linkedin.com\/company\/10540032\/"]},{"@type":"Person","@id":"","url":"https:\/\/www.kompetensforetagen.se\/person\/"}]}},"_links":{"self":[{"href":"https:\/\/www.kompetensforetagen.se\/api\/wp\/v2\/posts\/10799","targetHints":{"allow":["GET"]}}],"collection":[{"href":"https:\/\/www.kompetensforetagen.se\/api\/wp\/v2\/posts"}],"about":[{"href":"https:\/\/www.kompetensforetagen.se\/api\/wp\/v2\/types\/post"}],"author":[{"embeddable":true,"href":"https:\/\/www.kompetensforetagen.se\/api\/wp\/v2\/users\/6358"}],"replies":[{"embeddable":true,"href":"https:\/\/www.kompetensforetagen.se\/api\/wp\/v2\/comments?post=10799"}],"version-history":[{"count":4,"href":"https:\/\/www.kompetensforetagen.se\/api\/wp\/v2\/posts\/10799\/revisions"}],"predecessor-version":[{"id":14664,"href":"https:\/\/www.kompetensforetagen.se\/api\/wp\/v2\/posts\/10799\/revisions\/14664"}],"wp:featuredmedia":[{"embeddable":true,"href":"https:\/\/www.kompetensforetagen.se\/api\/wp\/v2\/media\/10811"}],"wp:attachment":[{"href":"https:\/\/www.kompetensforetagen.se\/api\/wp\/v2\/media?parent=10799"}],"wp:term":[{"taxonomy":"category","embeddable":true,"href":"https:\/\/www.kompetensforetagen.se\/api\/wp\/v2\/categories?post=10799"},{"taxonomy":"post_tag","embeddable":true,"href":"https:\/\/www.kompetensforetagen.se\/api\/wp\/v2\/tags?post=10799"},{"taxonomy":"type","embeddable":true,"href":"https:\/\/www.kompetensforetagen.se\/api\/wp\/v2\/article_type?post=10799"},{"taxonomy":"agreement","embeddable":true,"href":"https:\/\/www.kompetensforetagen.se\/api\/wp\/v2\/agreement?post=10799"},{"taxonomy":"for-members","embeddable":true,"href":"https:\/\/www.kompetensforetagen.se\/api\/wp\/v2\/for-members?post=10799"}],"curies":[{"name":"wp","href":"https:\/\/api.w.org\/{rel}","templated":true}]}}