{"id":10728,"date":"2023-01-17T14:08:02","date_gmt":"2023-01-17T13:08:02","guid":{"rendered":"https:\/\/www.kompetensforetagen.se\/?p=10728"},"modified":"2023-04-21T12:05:56","modified_gmt":"2023-04-21T10:05:56","slug":"social-impact-report-faktorer-som-driver-pa-global-kompetensbrist","status":"publish","type":"post","link":"https:\/\/www.kompetensforetagen.se\/2023\/01\/social-impact-report-faktorer-som-driver-pa-global-kompetensbrist\/","title":{"rendered":"Social Impact Report &#8211; Faktorer som driver p\u00e5 global kompetens&shy;brist"},"content":{"rendered":"\n<p>Kompetensf\u00f6retagens internationella medlemsorganisation <a href=\"https:\/\/wecglobal.org\/\" target=\"_blank\" rel=\"noopener\">World Employment Confederation (WEC)<\/a>, har sammanst\u00e4llt en rapport, Social Impact Report , som fokuserar p\u00e5 bakomliggande orsaker till, och l\u00f6sningar p\u00e5,&nbsp; globala kompetensbrister &#8211; l\u00e4s en <a href=\"https:\/\/www.kompetensforetagen.se\/social-impact-report-sammanfattning\/\" target=\"_blank\" rel=\"noopener\">sammanfattning p\u00e5 svenska h\u00e4r<\/a>.&nbsp; I rapporten beskrivs bland annat hur kompetensf\u00f6rs\u00f6rjningsproblematiken yttrar sig. F\u00f6r att l\u00f6sa kompetensbristen kr\u00e4vs det ocks\u00e5 f\u00f6rst\u00e5else f\u00f6r ytterligare faktorer som driver p\u00e5 kompetensbristen. N\u00e5gra av de viktigaste sammanfattar i f\u00f6ljande fyra punkter.<\/p>\n\n\n\n<ul class=\"wp-block-list\">\n<li><strong>Arvet efter pandemin<\/strong> <strong>&#8211; <\/strong><span style=\"background-color: transparent;font-size: 1rem\">Personer som inte \u00e5terv\u00e4nder till tidigare roller som resultat av en omv\u00e4rdering av arbets\/livsprioriteringar, och det s\u00e5 kallade <\/span><a style=\"background-color: transparent;font-size: 1rem\" href=\"https:\/\/www.kompetensforetagen.se\/2022\/10\/sa-hanterar-du-det-stora-avhoppet\/\" target=\"_blank\" rel=\"noopener\">\u201dstora avhoppet<\/a><span style=\"background-color: transparent;font-size: 1rem\">\u201d.<\/span><\/li>\n\n\n\n<li><strong>Demografi<\/strong> &#8211;&nbsp; <span style=\"background-color: transparent;font-size: 1rem\">\u00c4ven f\u00f6re pandemin hade bristen p\u00e5 kompetens \u00f6kat p\u00e5 grund av demografin i m\u00e5nga sektorer. En \u00e5ldrande befolkning kommer fortsatt att ha konsekvenser f\u00f6r dynamiken p\u00e5 arbetsmarknaden<\/span><\/li>\n\n\n\n<li><strong>Bristande matchning<\/strong> &#8211; <span style=\"background-color: transparent;font-size: 1rem\">Arbetsmarknaden utvecklas i en takt som g\u00f6r att kompetensbehoven v\u00e4xlar i snabb takt. Det finns ofta en koppling mellan utbildning och kompetens- och syssels\u00e4ttningspolitik p\u00e5 nationell niv\u00e5.<\/span><\/li>\n\n\n\n<li><strong>Brist p\u00e5 gr\u00e4ns\u00f6verskridande r\u00f6rlighet<\/strong> &#8211; <span style=\"background-color: transparent;font-size: 1rem\">Det finns p\u00e5visbara ekonomiska f\u00f6rdelar med att s\u00e4kerst\u00e4lla att den nationella migrationspolitiken \u00e5terspeglar n\u00e4ringslivets behov.<\/span><\/li>\n<\/ul>\n\n\n\n<p><em>&nbsp;<\/em><a href=\"https:\/\/wecglobal.org\/uploads\/2022\/11\/WEC-Social-Impact-Report-2022_FINAL.pdf\" target=\"_blank\" rel=\"noopener\">Nyheten \u00e4r en \u00f6vers\u00e4ttning ur Social Impact Report, World Employment Confederation.<\/a><\/p>\n","protected":false},"excerpt":{"rendered":"<p>Kompetensf\u00f6retagens internationella medlemsorganisation World Employment Confederation (WEC), har sammanst\u00e4llt en rapport, Social Impact Report , som fokuserar p\u00e5 bakomliggande orsaker till, och l\u00f6sningar p\u00e5,&nbsp; globala kompetensbrister &#8211; l\u00e4s en sammanfattning p\u00e5 svenska h\u00e4r.&nbsp; I rapporten &hellip;<\/p>\n","protected":false},"author":6358,"featured_media":5504,"comment_status":"closed","ping_status":"closed","sticky":false,"template":"","format":"standard","meta":{"_acf_changed":false,"footnotes":""},"categories":[10,189],"tags":[],"article_type":[210],"agreement":[],"for-members":[],"class_list":["post-10728","post","type-post","status-publish","format-standard","has-post-thumbnail","hentry","category-arbetsmarknad","category-internationellt","type-fakta"],"acf":[],"yoast_head":"<!-- This site is optimized with the Yoast SEO Premium plugin v26.8 (Yoast SEO v26.8) - https:\/\/yoast.com\/product\/yoast-seo-premium-wordpress\/ -->\n<title>Faktorer som driver p\u00e5 global kompetensbrist<\/title>\n<meta name=\"description\" content=\"F\u00f6r att l\u00f6sa den globala kompetensbristen kr\u00e4vs f\u00f6rst\u00e5else f\u00f6r faktorer som driver p\u00e5 den. H\u00e4r sammanfattas n\u00e5gra av de viktigaste fyra punkter.\" \/>\n<meta name=\"robots\" content=\"index, follow, max-snippet:-1, max-image-preview:large, max-video-preview:-1\" \/>\n<link rel=\"canonical\" href=\"https:\/\/www.kompetensforetagen.se\/2023\/01\/social-impact-report-faktorer-som-driver-pa-global-kompetensbrist\/\" \/>\n<meta property=\"og:locale\" content=\"sv_SE\" \/>\n<meta property=\"og:type\" content=\"article\" \/>\n<meta property=\"og:title\" content=\"Social Impact Report - Faktorer som driver p\u00e5 global kompetensbrist\" \/>\n<meta property=\"og:description\" content=\"F\u00f6r att l\u00f6sa den globala kompetensbristen kr\u00e4vs f\u00f6rst\u00e5else f\u00f6r faktorer som driver p\u00e5 den. H\u00e4r sammanfattas n\u00e5gra av de viktigaste fyra punkter.\" \/>\n<meta property=\"og:url\" content=\"https:\/\/www.kompetensforetagen.se\/2023\/01\/social-impact-report-faktorer-som-driver-pa-global-kompetensbrist\/\" \/>\n<meta property=\"og:site_name\" content=\"Kompetensf\u00f6retagen\" \/>\n<meta property=\"article:published_time\" content=\"2023-01-17T13:08:02+00:00\" \/>\n<meta property=\"article:modified_time\" content=\"2023-04-21T10:05:56+00:00\" \/>\n<meta property=\"og:image\" content=\"https:\/\/www.kompetensforetagen.se\/app\/uploads\/sites\/5\/2020\/11\/puzzle-3486885-scaled.jpg\" \/>\n\t<meta property=\"og:image:width\" content=\"2560\" \/>\n\t<meta property=\"og:image:height\" content=\"1338\" \/>\n\t<meta property=\"og:image:type\" content=\"image\/jpeg\" \/>\n<meta name=\"twitter:card\" content=\"summary_large_image\" \/>\n<meta name=\"twitter:label1\" content=\"Skriven av\" \/>\n\t<meta name=\"twitter:data1\" content=\"\" \/>\n<!-- \/ Yoast SEO Premium plugin. -->","yoast_head_json":{"title":"Faktorer som driver p\u00e5 global kompetensbrist","description":"F\u00f6r att l\u00f6sa den globala kompetensbristen kr\u00e4vs f\u00f6rst\u00e5else f\u00f6r faktorer som driver p\u00e5 den. H\u00e4r sammanfattas n\u00e5gra av de viktigaste fyra punkter.","robots":{"index":"index","follow":"follow","max-snippet":"max-snippet:-1","max-image-preview":"max-image-preview:large","max-video-preview":"max-video-preview:-1"},"canonical":"https:\/\/www.kompetensforetagen.se\/2023\/01\/social-impact-report-faktorer-som-driver-pa-global-kompetensbrist\/","og_locale":"sv_SE","og_type":"article","og_title":"Social Impact Report - Faktorer som driver p\u00e5 global kompetensbrist","og_description":"F\u00f6r att l\u00f6sa den globala kompetensbristen kr\u00e4vs f\u00f6rst\u00e5else f\u00f6r faktorer som driver p\u00e5 den. H\u00e4r sammanfattas n\u00e5gra av de viktigaste fyra punkter.","og_url":"https:\/\/www.kompetensforetagen.se\/2023\/01\/social-impact-report-faktorer-som-driver-pa-global-kompetensbrist\/","og_site_name":"Kompetensf\u00f6retagen","article_published_time":"2023-01-17T13:08:02+00:00","article_modified_time":"2023-04-21T10:05:56+00:00","og_image":[{"width":2560,"height":1338,"url":"https:\/\/www.kompetensforetagen.se\/app\/uploads\/sites\/5\/2020\/11\/puzzle-3486885-scaled.jpg","type":"image\/jpeg"}],"twitter_card":"summary_large_image","twitter_misc":{"Skriven av":""},"schema":{"@context":"https:\/\/schema.org","@graph":[{"@type":"Article","@id":"https:\/\/www.kompetensforetagen.se\/2023\/01\/social-impact-report-faktorer-som-driver-pa-global-kompetensbrist\/#article","isPartOf":{"@id":"https:\/\/www.kompetensforetagen.se\/2023\/01\/social-impact-report-faktorer-som-driver-pa-global-kompetensbrist\/"},"author":{"name":"","@id":""},"headline":"Social Impact Report &#8211; Faktorer som driver p\u00e5 global kompetens&shy;brist","datePublished":"2023-01-17T13:08:02+00:00","dateModified":"2023-04-21T10:05:56+00:00","mainEntityOfPage":{"@id":"https:\/\/www.kompetensforetagen.se\/2023\/01\/social-impact-report-faktorer-som-driver-pa-global-kompetensbrist\/"},"wordCount":226,"publisher":{"@id":"https:\/\/www.kompetensforetagen.se\/#organization"},"image":{"@id":"https:\/\/www.kompetensforetagen.se\/2023\/01\/social-impact-report-faktorer-som-driver-pa-global-kompetensbrist\/#primaryimage"},"thumbnailUrl":"https:\/\/www.kompetensforetagen.se\/app\/uploads\/sites\/5\/2020\/11\/puzzle-3486885-scaled.jpg","articleSection":["Arbetsmarknad","Internationellt"],"inLanguage":"sv-SE"},{"@type":"WebPage","@id":"https:\/\/www.kompetensforetagen.se\/2023\/01\/social-impact-report-faktorer-som-driver-pa-global-kompetensbrist\/","url":"https:\/\/www.kompetensforetagen.se\/2023\/01\/social-impact-report-faktorer-som-driver-pa-global-kompetensbrist\/","name":"Faktorer som driver p\u00e5 global kompetensbrist","isPartOf":{"@id":"https:\/\/www.kompetensforetagen.se\/#website"},"primaryImageOfPage":{"@id":"https:\/\/www.kompetensforetagen.se\/2023\/01\/social-impact-report-faktorer-som-driver-pa-global-kompetensbrist\/#primaryimage"},"image":{"@id":"https:\/\/www.kompetensforetagen.se\/2023\/01\/social-impact-report-faktorer-som-driver-pa-global-kompetensbrist\/#primaryimage"},"thumbnailUrl":"https:\/\/www.kompetensforetagen.se\/app\/uploads\/sites\/5\/2020\/11\/puzzle-3486885-scaled.jpg","datePublished":"2023-01-17T13:08:02+00:00","dateModified":"2023-04-21T10:05:56+00:00","description":"F\u00f6r att l\u00f6sa den globala kompetensbristen kr\u00e4vs f\u00f6rst\u00e5else f\u00f6r faktorer som driver p\u00e5 den. H\u00e4r sammanfattas n\u00e5gra av de viktigaste fyra punkter.","breadcrumb":{"@id":"https:\/\/www.kompetensforetagen.se\/2023\/01\/social-impact-report-faktorer-som-driver-pa-global-kompetensbrist\/#breadcrumb"},"inLanguage":"sv-SE","potentialAction":[{"@type":"ReadAction","target":["https:\/\/www.kompetensforetagen.se\/2023\/01\/social-impact-report-faktorer-som-driver-pa-global-kompetensbrist\/"]}]},{"@type":"ImageObject","inLanguage":"sv-SE","@id":"https:\/\/www.kompetensforetagen.se\/2023\/01\/social-impact-report-faktorer-som-driver-pa-global-kompetensbrist\/#primaryimage","url":"https:\/\/www.kompetensforetagen.se\/app\/uploads\/sites\/5\/2020\/11\/puzzle-3486885-scaled.jpg","contentUrl":"https:\/\/www.kompetensforetagen.se\/app\/uploads\/sites\/5\/2020\/11\/puzzle-3486885-scaled.jpg","width":2560,"height":1338,"caption":"Pusselbitar som symboliserar matchning av r\u00e4tt kompetens till r\u00e4tt uppdrag."},{"@type":"BreadcrumbList","@id":"https:\/\/www.kompetensforetagen.se\/2023\/01\/social-impact-report-faktorer-som-driver-pa-global-kompetensbrist\/#breadcrumb","itemListElement":[{"@type":"ListItem","position":1,"name":"Home","item":"https:\/\/www.kompetensforetagen.se\/"},{"@type":"ListItem","position":2,"name":"Social Impact Report &#8211; Faktorer som driver p\u00e5 global kompetens&shy;brist"}]},{"@type":"WebSite","@id":"https:\/\/www.kompetensforetagen.se\/#website","url":"https:\/\/www.kompetensforetagen.se\/","name":"Kompetensf\u00f6retagen","description":"R\u00e4tt person p\u00e5 r\u00e4tt plats kan f\u00f6r\u00e4ndra v\u00e4rlden","publisher":{"@id":"https:\/\/www.kompetensforetagen.se\/#organization"},"potentialAction":[{"@type":"SearchAction","target":{"@type":"EntryPoint","urlTemplate":"https:\/\/www.kompetensforetagen.se\/?s={search_term_string}"},"query-input":{"@type":"PropertyValueSpecification","valueRequired":true,"valueName":"search_term_string"}}],"inLanguage":"sv-SE"},{"@type":"Organization","@id":"https:\/\/www.kompetensforetagen.se\/#organization","name":"Kompetensf\u00f6retagen","url":"https:\/\/www.kompetensforetagen.se\/","logo":{"@type":"ImageObject","inLanguage":"sv-SE","@id":"https:\/\/www.kompetensforetagen.se\/#\/schema\/logo\/image\/","url":"https:\/\/www.kompetensforetagen.se\/app\/uploads\/sites\/5\/2022\/10\/logga_svart.png","contentUrl":"https:\/\/www.kompetensforetagen.se\/app\/uploads\/sites\/5\/2022\/10\/logga_svart.png","width":752,"height":64,"caption":"Kompetensf\u00f6retagen"},"image":{"@id":"https:\/\/www.kompetensforetagen.se\/#\/schema\/logo\/image\/"},"sameAs":["https:\/\/www.linkedin.com\/company\/10540032\/"]},{"@type":"Person","@id":"","url":"https:\/\/www.kompetensforetagen.se\/person\/"}]}},"_links":{"self":[{"href":"https:\/\/www.kompetensforetagen.se\/api\/wp\/v2\/posts\/10728","targetHints":{"allow":["GET"]}}],"collection":[{"href":"https:\/\/www.kompetensforetagen.se\/api\/wp\/v2\/posts"}],"about":[{"href":"https:\/\/www.kompetensforetagen.se\/api\/wp\/v2\/types\/post"}],"author":[{"embeddable":true,"href":"https:\/\/www.kompetensforetagen.se\/api\/wp\/v2\/users\/6358"}],"replies":[{"embeddable":true,"href":"https:\/\/www.kompetensforetagen.se\/api\/wp\/v2\/comments?post=10728"}],"version-history":[{"count":1,"href":"https:\/\/www.kompetensforetagen.se\/api\/wp\/v2\/posts\/10728\/revisions"}],"predecessor-version":[{"id":11573,"href":"https:\/\/www.kompetensforetagen.se\/api\/wp\/v2\/posts\/10728\/revisions\/11573"}],"wp:featuredmedia":[{"embeddable":true,"href":"https:\/\/www.kompetensforetagen.se\/api\/wp\/v2\/media\/5504"}],"wp:attachment":[{"href":"https:\/\/www.kompetensforetagen.se\/api\/wp\/v2\/media?parent=10728"}],"wp:term":[{"taxonomy":"category","embeddable":true,"href":"https:\/\/www.kompetensforetagen.se\/api\/wp\/v2\/categories?post=10728"},{"taxonomy":"post_tag","embeddable":true,"href":"https:\/\/www.kompetensforetagen.se\/api\/wp\/v2\/tags?post=10728"},{"taxonomy":"type","embeddable":true,"href":"https:\/\/www.kompetensforetagen.se\/api\/wp\/v2\/article_type?post=10728"},{"taxonomy":"agreement","embeddable":true,"href":"https:\/\/www.kompetensforetagen.se\/api\/wp\/v2\/agreement?post=10728"},{"taxonomy":"for-members","embeddable":true,"href":"https:\/\/www.kompetensforetagen.se\/api\/wp\/v2\/for-members?post=10728"}],"curies":[{"name":"wp","href":"https:\/\/api.w.org\/{rel}","templated":true}]}}