{"id":10604,"date":"2023-01-05T08:19:54","date_gmt":"2023-01-05T07:19:54","guid":{"rendered":"https:\/\/www.kompetensforetagen.se\/?p=10604"},"modified":"2023-10-18T14:35:02","modified_gmt":"2023-10-18T12:35:02","slug":"kompetensforetagens-mest-lasta-nyheter-2022","status":"publish","type":"post","link":"https:\/\/www.kompetensforetagen.se\/2023\/01\/kompetensforetagens-mest-lasta-nyheter-2022\/","title":{"rendered":"Kompetens&shy;f\u00f6retagens mest l\u00e4sta nyheter 2022"},"content":{"rendered":"\n<p>Bland de mest l\u00e4sta nyheterna p\u00e5 Kompetensf\u00f6retagens webbplats 2022 var de tv\u00e5 mest l\u00e4sta nyheterna t\u00e4tt knutna till branschh\u00e4ndelser. L\u00e4ngst upp p\u00e5 listan kom ett faktablad om f\u00f6r\u00e4ndringarna i uthyrningslagen som tr\u00e4dde ikraft som en f\u00f6ljd av den stora LAS-reformen. Straxt efter kom nyheten om Kompetensf\u00f6retagens popul\u00e4ra branschdag. Andra v\u00e4ll\u00e4sta nyheter r\u00f6r p\u00e5 olika s\u00e4tt Kompetensf\u00f6retagens oms\u00e4ttningsstatistik och de tv\u00e5 nya topplistor vi presenterat, \u00f6ver de 50 f\u00f6retag som rapporterar in h\u00f6gst oms\u00e4ttning och topplistan \u00f6ver rekryteringsf\u00f6retag. Under \u00e5ret har vi ocks\u00e5 med stolthet skrivit om konsulter, innovativa medlemsf\u00f6retag och experttips p\u00e5 flera olika arbetsmarknadsomr\u00e5den. N\u00e5gra av dem har ocks\u00e5 knipit platser p\u00e5 topplistan! Har du missat n\u00e5gra av v\u00e5ra popul\u00e4raste nyheter? D\u00e5 hittar du dem h\u00e4r.<\/p>\n\n\n\n<ol class=\"wp-block-list\">\n<li><a href=\"https:\/\/www.kompetensforetagen.se\/2022\/06\/faktablad-om-forandringarna-i-uthyrningslagen\/\" target=\"_blank\" rel=\"noopener\">Faktablad om f\u00f6r\u00e4ndringarna i Uthyrningslagen (kompetensforetagen.se)<\/a><\/li>\n\n\n\n<li><a href=\"https:\/\/www.kompetensforetagen.se\/branschdag-13-oktober\/?preview=true\" target=\"_blank\" rel=\"noopener\">Branschdag 13 oktober &#8211; Kompetensf\u00f6retagen (kompetensforetagen.se)<\/a><\/li>\n\n\n\n<li><a href=\"https:\/\/www.kompetensforetagen.se\/2022\/08\/ar-ditt-foretag-med-pa-topp-50-listan\/\" target=\"_blank\" rel=\"noopener\">\u00c4r ditt f\u00f6retag med p\u00e5 topp 50-listan? &#8211; Kompetensf\u00f6retagen (kompetensforetagen.se)<\/a><\/li>\n\n\n\n<li><a href=\"https:\/\/www.kompetensforetagen.se\/medlemssidor\/nominera-till-konsultpriset-2022\/\" target=\"_blank\" rel=\"noopener\">Nominera till konsultpriset 2022 &#8211; Kompetensf\u00f6retagen (kompetensforetagen.se)<\/a><\/li>\n\n\n\n<li><a href=\"https:\/\/www.kompetensforetagen.se\/2022\/11\/positiv-tillvaxt-q3-och-tillforsikt-infor-framtiden\/\" target=\"_blank\" rel=\"noopener\">Positiv tillv\u00e4xt Q3 och tillf\u00f6rsikt inf\u00f6r framtiden (kompetensforetagen.se)<\/a><\/li>\n\n\n\n<li><a href=\"https:\/\/www.kompetensforetagen.se\/2022\/11\/nytt-for-2022-topplista-for-rekryteringsforetag\/\" target=\"_blank\" rel=\"noopener\">Nytt f\u00f6r 2022: Topplista f\u00f6r rekryteringsf\u00f6retag (kompetensforetagen.se)<\/a><\/li>\n\n\n\n<li><a href=\"https:\/\/www.kompetensforetagen.se\/2022\/03\/nickes-akeritjanst-rekommenderar-kvinnor-att-bli-lastbilschaufforer\/\" target=\"_blank\" rel=\"noopener\">Nickes \u00c5keritj\u00e4nst rekommenderar kvinnor att bli lastbilschauff\u00f6rer (kompetensforetagen.se)<\/a><\/li>\n\n\n\n<li><a href=\"https:\/\/www.kompetensforetagen.se\/2022\/03\/experttips-till-deltagare-i-rusta-och-matcha\/\" target=\"_blank\" rel=\"noopener\">Experttips till deltagare i Rusta och matcha (kompetensforetagen.se)<\/a><\/li>\n\n\n\n<li><a href=\"https:\/\/www.kompetensforetagen.se\/2022\/03\/arsrapport-2021-okad-omsattning-och-fler-arbetstillfallen-i-kompetensbranschen\/\" target=\"_blank\" rel=\"noopener\">\u00c5rsrapport 2021 I Kompetensf\u00f6retagen (kompetensforetagen.se)<\/a><\/li>\n\n\n\n<li><a href=\"https:\/\/www.kompetensforetagen.se\/2022\/08\/kvarttalsrapport-q2\/\" target=\"_blank\" rel=\"noopener\">Oms\u00e4ttningsstatistik Q2 2022 I Kompetensf\u00f6retagen (kompetensforetagen.se)<\/a><\/li>\n<\/ol>\n\n\n\n<p><strong>Stort engagemang p\u00e5 LinkedIn<\/strong><\/p>\n\n\n\n<p>\u00c4ven v\u00e5r LinkedIn-kanal har varit v\u00e4lbes\u00f6kt under 2022. D\u00e4r har vi bland annat presenterat Kompetensf\u00f6retagens styrelse, lyft andras nyheter om branschen och bjudit in till event och webbinarier och andra event. De inl\u00e4gg som gillats mest p\u00e5 LinkedIn kanske du ocks\u00e5 vill titta p\u00e5?<\/p>\n\n\n\n<ol class=\"wp-block-list\">\n<li>Randstad Swedens Cecilia Mannheimer delar i Tv4 med sig av sina <a href=\"https:\/\/www.linkedin.com\/feed\/update\/urn:li:activity:6948587679240343552\" target=\"_blank\" rel=\"noopener\">tips om hur arbetsgivare ska rekrytera och beh\u00e5lla kompetens&nbsp;<\/a><\/li>\n\n\n\n<li>Presentation av Kompetensf\u00f6retagens <a href=\"https:\/\/www.linkedin.com\/feed\/update\/urn:li:activity:6971036679327375360\" target=\"_blank\" rel=\"noopener\">styrelseledamot Jan Bengtsson<\/a><\/li>\n\n\n\n<li><a href=\"https:\/\/www.linkedin.com\/feed\/update\/urn:li:activity:6945292943398215680\" target=\"_blank\" rel=\"noopener\">Ordf\u00f6rande Eva Domanders kommer in p\u00e5 Dagens Medicins lista \u00f6ver V\u00e5rdsveriges 100 m\u00e4ktigaste personer<\/a><\/li>\n\n\n\n<li>Presentation av Kompetensf\u00f6retagens<a href=\"https:\/\/www.linkedin.com\/feed\/update\/urn:li:activity:7008429008010809344\" target=\"_blank\" rel=\"noopener\"> styrelseledamot Jens Nordquist<\/a><\/li>\n\n\n\n<li><a href=\"https:\/\/www.linkedin.com\/feed\/update\/urn:li:activity:6973234275567460353\" target=\"_blank\" rel=\"noopener\">Styrelsens bes\u00f6k i Bryssel<\/a><\/li>\n\n\n\n<li>Presentation av <a href=\"https:\/\/www.linkedin.com\/feed\/update\/urn:li:activity:7003364343442501632\" target=\"_blank\" rel=\"noopener\">styrelseledamot Malin Persson&nbsp;<\/a><\/li>\n\n\n\n<li>Presentation av Kompetensf\u00f6retagens nya <a href=\"https:\/\/www.linkedin.com\/feed\/update\/urn:li:activity:6936974668289478656\" target=\"_blank\" rel=\"noopener\">styrelseledamot Charlotte J\u00e4reby-Hellman<\/a><\/li>\n\n\n\n<li><a href=\"https:\/\/www.linkedin.com\/feed\/update\/urn:li:activity:6943159556239708160\" target=\"_blank\" rel=\"noopener\">Styrelseledamot Mikael Jansson<\/a> valdes vid Almegas \u00e5rsm\u00f6te valdes i styrelsen, och uts\u00e5gs vid Kompetensf\u00f6retagens \u00e5rsm\u00f6te till f\u00f6rbundets vice ordf\u00f6rande<\/li>\n\n\n\n<li>Efter Kompetensf\u00f6retagens \u00e5rsm\u00f6te h\u00e4lsades <a href=\"https:\/\/www.linkedin.com\/feed\/update\/urn:li:activity:6931932385525518336\" target=\"_blank\" rel=\"noopener\">tv\u00e5 nya styrelseledam\u00f6ter, Charlotte J\u00e4reby-Hellman och Anders Ellbj\u00e4r, v\u00e4lkomna<\/a><\/li>\n\n\n\n<li>Presentation av Kompetensf\u00f6retagens <a style=\"background-color: transparent;font-size: 1rem\" href=\"https:\/\/www.linkedin.com\/feed\/update\/urn:li:activity:6993513196552663040\" target=\"_blank\" rel=\"noopener\">styrelseledamot Camilla Campelo<\/a><\/li>\n<\/ol>\n\n\n\n<p>Sen finns det s\u00e5klart oerh\u00f6rt mycket mer popul\u00e4ra nyheter! F\u00f6r att ta n\u00e5gra exempel r\u00f6rande LinkedIn fick inl\u00e4gget om v\u00e5rt<a href=\"https:\/\/www.linkedin.com\/feed\/update\/urn:li:activity:7005912168629956609\" target=\"_blank\" rel=\"noopener\"> nya personalchefsn\u00e4tverk<\/a> flest klick,&nbsp;Eva Domanders plats p\u00e5 listan \u00f6ver V\u00e5rdsveriges m\u00e4ktigaste flest kommentarer och inbjudan till Kompetensf\u00f6retagens branschdag flest delningar!<\/p>\n\n\n\n<figure class=\"wp-block-image size-large is-style-default\"><img loading=\"lazy\" decoding=\"async\" width=\"1180\" height=\"834\" src=\"https:\/\/www.kompetensforetagen.se\/app\/uploads\/sites\/5\/2021\/06\/linkedin-911794_1920-1180x834.jpg\" alt=\"LinkedIn:s logotyp \" class=\"wp-image-7260\" srcset=\"https:\/\/www.kompetensforetagen.se\/app\/uploads\/sites\/5\/2021\/06\/linkedin-911794_1920-1180x834.jpg 1180w, https:\/\/www.kompetensforetagen.se\/app\/uploads\/sites\/5\/2021\/06\/linkedin-911794_1920-580x410.jpg 580w, https:\/\/www.kompetensforetagen.se\/app\/uploads\/sites\/5\/2021\/06\/linkedin-911794_1920-380x269.jpg 380w, https:\/\/www.kompetensforetagen.se\/app\/uploads\/sites\/5\/2021\/06\/linkedin-911794_1920-768x543.jpg 768w, https:\/\/www.kompetensforetagen.se\/app\/uploads\/sites\/5\/2021\/06\/linkedin-911794_1920-1536x1086.jpg 1536w, https:\/\/www.kompetensforetagen.se\/app\/uploads\/sites\/5\/2021\/06\/linkedin-911794_1920.jpg 1920w\" sizes=\"auto, (max-width: 1180px) 100vw, 1180px\" \/><figcaption class=\"wp-element-caption\"><a href=\"https:\/\/www.linkedin.com\/company\/10540032\/\">https:\/\/www.linkedin.com\/company\/10540032\/<\/a><\/figcaption><\/figure>\n","protected":false},"excerpt":{"rendered":"<p>Bland de mest l\u00e4sta nyheterna p\u00e5 Kompetensf\u00f6retagens webbplats 2022 var de tv\u00e5 mest l\u00e4sta nyheterna t\u00e4tt knutna till branschh\u00e4ndelser. L\u00e4ngst upp p\u00e5 listan kom ett faktablad om f\u00f6r\u00e4ndringarna i uthyrningslagen som tr\u00e4dde ikraft som en &hellip;<\/p>\n","protected":false},"author":6358,"featured_media":7728,"comment_status":"closed","ping_status":"closed","sticky":false,"template":"","format":"standard","meta":{"_acf_changed":false,"footnotes":""},"categories":[1],"tags":[],"article_type":[8],"agreement":[],"for-members":[],"class_list":["post-10604","post","type-post","status-publish","format-standard","has-post-thumbnail","hentry","category-okategoriserade","type-aktuellt"],"acf":[],"yoast_head":"<!-- This site is optimized with the Yoast SEO Premium plugin v26.8 (Yoast SEO v26.8) - https:\/\/yoast.com\/product\/yoast-seo-premium-wordpress\/ -->\n<title>Kompetensf\u00f6retagens mest l\u00e4sta nyheter 2022<\/title>\n<meta name=\"description\" content=\"Kompetensf\u00f6retagens mest l\u00e4sta nyheter 2022 inneh\u00e5ller en blandning av branschn\u00e4ra h\u00e4ndelser, statistik och fakta.\" \/>\n<meta name=\"robots\" content=\"index, follow, max-snippet:-1, max-image-preview:large, max-video-preview:-1\" \/>\n<link rel=\"canonical\" href=\"https:\/\/www.kompetensforetagen.se\/2023\/01\/kompetensforetagens-mest-lasta-nyheter-2022\/\" \/>\n<meta property=\"og:locale\" content=\"sv_SE\" \/>\n<meta property=\"og:type\" content=\"article\" \/>\n<meta property=\"og:title\" content=\"Kompetensf\u00f6retagens mest l\u00e4sta nyheter 2022\" \/>\n<meta property=\"og:description\" content=\"Kompetensf\u00f6retagens mest l\u00e4sta nyheter 2022 inneh\u00e5ller en blandning av branschn\u00e4ra h\u00e4ndelser, statistik och fakta.\" \/>\n<meta property=\"og:url\" content=\"https:\/\/www.kompetensforetagen.se\/2023\/01\/kompetensforetagens-mest-lasta-nyheter-2022\/\" \/>\n<meta property=\"og:site_name\" content=\"Kompetensf\u00f6retagen\" \/>\n<meta property=\"article:published_time\" content=\"2023-01-05T07:19:54+00:00\" \/>\n<meta property=\"article:modified_time\" content=\"2023-10-18T12:35:02+00:00\" \/>\n<meta property=\"og:image\" content=\"https:\/\/www.kompetensforetagen.se\/app\/uploads\/sites\/5\/2021\/08\/bloggbild.png\" \/>\n\t<meta property=\"og:image:width\" content=\"1640\" \/>\n\t<meta property=\"og:image:height\" content=\"924\" \/>\n\t<meta property=\"og:image:type\" content=\"image\/png\" \/>\n<meta name=\"twitter:card\" content=\"summary_large_image\" \/>\n<meta name=\"twitter:label1\" content=\"Skriven av\" \/>\n\t<meta name=\"twitter:data1\" content=\"\" \/>\n\t<meta name=\"twitter:label2\" content=\"Ber\u00e4knad l\u00e4stid\" \/>\n\t<meta name=\"twitter:data2\" content=\"3 minuter\" \/>\n<!-- \/ Yoast SEO Premium plugin. -->","yoast_head_json":{"title":"Kompetensf\u00f6retagens mest l\u00e4sta nyheter 2022","description":"Kompetensf\u00f6retagens mest l\u00e4sta nyheter 2022 inneh\u00e5ller en blandning av branschn\u00e4ra h\u00e4ndelser, statistik och fakta.","robots":{"index":"index","follow":"follow","max-snippet":"max-snippet:-1","max-image-preview":"max-image-preview:large","max-video-preview":"max-video-preview:-1"},"canonical":"https:\/\/www.kompetensforetagen.se\/2023\/01\/kompetensforetagens-mest-lasta-nyheter-2022\/","og_locale":"sv_SE","og_type":"article","og_title":"Kompetensf\u00f6retagens mest l\u00e4sta nyheter 2022","og_description":"Kompetensf\u00f6retagens mest l\u00e4sta nyheter 2022 inneh\u00e5ller en blandning av branschn\u00e4ra h\u00e4ndelser, statistik och fakta.","og_url":"https:\/\/www.kompetensforetagen.se\/2023\/01\/kompetensforetagens-mest-lasta-nyheter-2022\/","og_site_name":"Kompetensf\u00f6retagen","article_published_time":"2023-01-05T07:19:54+00:00","article_modified_time":"2023-10-18T12:35:02+00:00","og_image":[{"width":1640,"height":924,"url":"https:\/\/www.kompetensforetagen.se\/app\/uploads\/sites\/5\/2021\/08\/bloggbild.png","type":"image\/png"}],"twitter_card":"summary_large_image","twitter_misc":{"Skriven av":"","Ber\u00e4knad l\u00e4stid":"3 minuter"},"schema":{"@context":"https:\/\/schema.org","@graph":[{"@type":"Article","@id":"https:\/\/www.kompetensforetagen.se\/2023\/01\/kompetensforetagens-mest-lasta-nyheter-2022\/#article","isPartOf":{"@id":"https:\/\/www.kompetensforetagen.se\/2023\/01\/kompetensforetagens-mest-lasta-nyheter-2022\/"},"author":{"name":"","@id":""},"headline":"Kompetens&shy;f\u00f6retagens mest l\u00e4sta nyheter 2022","datePublished":"2023-01-05T07:19:54+00:00","dateModified":"2023-10-18T12:35:02+00:00","mainEntityOfPage":{"@id":"https:\/\/www.kompetensforetagen.se\/2023\/01\/kompetensforetagens-mest-lasta-nyheter-2022\/"},"wordCount":479,"publisher":{"@id":"https:\/\/www.kompetensforetagen.se\/#organization"},"image":{"@id":"https:\/\/www.kompetensforetagen.se\/2023\/01\/kompetensforetagens-mest-lasta-nyheter-2022\/#primaryimage"},"thumbnailUrl":"https:\/\/www.kompetensforetagen.se\/app\/uploads\/sites\/5\/2021\/08\/bloggbild.png","inLanguage":"sv-SE"},{"@type":"WebPage","@id":"https:\/\/www.kompetensforetagen.se\/2023\/01\/kompetensforetagens-mest-lasta-nyheter-2022\/","url":"https:\/\/www.kompetensforetagen.se\/2023\/01\/kompetensforetagens-mest-lasta-nyheter-2022\/","name":"Kompetensf\u00f6retagens mest l\u00e4sta nyheter 2022","isPartOf":{"@id":"https:\/\/www.kompetensforetagen.se\/#website"},"primaryImageOfPage":{"@id":"https:\/\/www.kompetensforetagen.se\/2023\/01\/kompetensforetagens-mest-lasta-nyheter-2022\/#primaryimage"},"image":{"@id":"https:\/\/www.kompetensforetagen.se\/2023\/01\/kompetensforetagens-mest-lasta-nyheter-2022\/#primaryimage"},"thumbnailUrl":"https:\/\/www.kompetensforetagen.se\/app\/uploads\/sites\/5\/2021\/08\/bloggbild.png","datePublished":"2023-01-05T07:19:54+00:00","dateModified":"2023-10-18T12:35:02+00:00","description":"Kompetensf\u00f6retagens mest l\u00e4sta nyheter 2022 inneh\u00e5ller en blandning av branschn\u00e4ra h\u00e4ndelser, statistik och fakta.","breadcrumb":{"@id":"https:\/\/www.kompetensforetagen.se\/2023\/01\/kompetensforetagens-mest-lasta-nyheter-2022\/#breadcrumb"},"inLanguage":"sv-SE","potentialAction":[{"@type":"ReadAction","target":["https:\/\/www.kompetensforetagen.se\/2023\/01\/kompetensforetagens-mest-lasta-nyheter-2022\/"]}]},{"@type":"ImageObject","inLanguage":"sv-SE","@id":"https:\/\/www.kompetensforetagen.se\/2023\/01\/kompetensforetagens-mest-lasta-nyheter-2022\/#primaryimage","url":"https:\/\/www.kompetensforetagen.se\/app\/uploads\/sites\/5\/2021\/08\/bloggbild.png","contentUrl":"https:\/\/www.kompetensforetagen.se\/app\/uploads\/sites\/5\/2021\/08\/bloggbild.png","width":1640,"height":924,"caption":"Grafik: Svart och vit bild som visar en macbook air en Iphone en anteckningsbok och en kopp espresso"},{"@type":"BreadcrumbList","@id":"https:\/\/www.kompetensforetagen.se\/2023\/01\/kompetensforetagens-mest-lasta-nyheter-2022\/#breadcrumb","itemListElement":[{"@type":"ListItem","position":1,"name":"Home","item":"https:\/\/www.kompetensforetagen.se\/"},{"@type":"ListItem","position":2,"name":"Kompetens&shy;f\u00f6retagens mest l\u00e4sta nyheter 2022"}]},{"@type":"WebSite","@id":"https:\/\/www.kompetensforetagen.se\/#website","url":"https:\/\/www.kompetensforetagen.se\/","name":"Kompetensf\u00f6retagen","description":"R\u00e4tt person p\u00e5 r\u00e4tt plats kan f\u00f6r\u00e4ndra v\u00e4rlden","publisher":{"@id":"https:\/\/www.kompetensforetagen.se\/#organization"},"potentialAction":[{"@type":"SearchAction","target":{"@type":"EntryPoint","urlTemplate":"https:\/\/www.kompetensforetagen.se\/?s={search_term_string}"},"query-input":{"@type":"PropertyValueSpecification","valueRequired":true,"valueName":"search_term_string"}}],"inLanguage":"sv-SE"},{"@type":"Organization","@id":"https:\/\/www.kompetensforetagen.se\/#organization","name":"Kompetensf\u00f6retagen","url":"https:\/\/www.kompetensforetagen.se\/","logo":{"@type":"ImageObject","inLanguage":"sv-SE","@id":"https:\/\/www.kompetensforetagen.se\/#\/schema\/logo\/image\/","url":"https:\/\/www.kompetensforetagen.se\/app\/uploads\/sites\/5\/2022\/10\/logga_svart.png","contentUrl":"https:\/\/www.kompetensforetagen.se\/app\/uploads\/sites\/5\/2022\/10\/logga_svart.png","width":752,"height":64,"caption":"Kompetensf\u00f6retagen"},"image":{"@id":"https:\/\/www.kompetensforetagen.se\/#\/schema\/logo\/image\/"},"sameAs":["https:\/\/www.linkedin.com\/company\/10540032\/"]},{"@type":"Person","@id":"","url":"https:\/\/www.kompetensforetagen.se\/person\/"}]}},"_links":{"self":[{"href":"https:\/\/www.kompetensforetagen.se\/api\/wp\/v2\/posts\/10604","targetHints":{"allow":["GET"]}}],"collection":[{"href":"https:\/\/www.kompetensforetagen.se\/api\/wp\/v2\/posts"}],"about":[{"href":"https:\/\/www.kompetensforetagen.se\/api\/wp\/v2\/types\/post"}],"author":[{"embeddable":true,"href":"https:\/\/www.kompetensforetagen.se\/api\/wp\/v2\/users\/6358"}],"replies":[{"embeddable":true,"href":"https:\/\/www.kompetensforetagen.se\/api\/wp\/v2\/comments?post=10604"}],"version-history":[{"count":3,"href":"https:\/\/www.kompetensforetagen.se\/api\/wp\/v2\/posts\/10604\/revisions"}],"predecessor-version":[{"id":15400,"href":"https:\/\/www.kompetensforetagen.se\/api\/wp\/v2\/posts\/10604\/revisions\/15400"}],"wp:featuredmedia":[{"embeddable":true,"href":"https:\/\/www.kompetensforetagen.se\/api\/wp\/v2\/media\/7728"}],"wp:attachment":[{"href":"https:\/\/www.kompetensforetagen.se\/api\/wp\/v2\/media?parent=10604"}],"wp:term":[{"taxonomy":"category","embeddable":true,"href":"https:\/\/www.kompetensforetagen.se\/api\/wp\/v2\/categories?post=10604"},{"taxonomy":"post_tag","embeddable":true,"href":"https:\/\/www.kompetensforetagen.se\/api\/wp\/v2\/tags?post=10604"},{"taxonomy":"type","embeddable":true,"href":"https:\/\/www.kompetensforetagen.se\/api\/wp\/v2\/article_type?post=10604"},{"taxonomy":"agreement","embeddable":true,"href":"https:\/\/www.kompetensforetagen.se\/api\/wp\/v2\/agreement?post=10604"},{"taxonomy":"for-members","embeddable":true,"href":"https:\/\/www.kompetensforetagen.se\/api\/wp\/v2\/for-members?post=10604"}],"curies":[{"name":"wp","href":"https:\/\/api.w.org\/{rel}","templated":true}]}}