{"id":10590,"date":"2023-01-03T12:04:22","date_gmt":"2023-01-03T11:04:22","guid":{"rendered":"https:\/\/www.kompetensforetagen.se\/?p=10590"},"modified":"2023-07-14T09:41:38","modified_gmt":"2023-07-14T07:41:38","slug":"ett-nytt-auktoriserat-foretag-och-fyra-forlorar-auktorisationen","status":"publish","type":"post","link":"https:\/\/www.kompetensforetagen.se\/2023\/01\/ett-nytt-auktoriserat-foretag-och-fyra-forlorar-auktorisationen\/","title":{"rendered":"101 medlems&shy;f\u00f6retag fick sin ans\u00f6kan om f\u00f6rnyad auktorisation godk\u00e4nd."},"content":{"rendered":"\n<p>Ett nytt auktoriserat f\u00f6retag och fyra f\u00f6rlorar auktorisationen<\/p>\n\n\n\n<p><span style=\"background-color: transparent;font-size: 1rem\" data-contrast=\"auto\">Vid det senaste m\u00f6tet med Kompetensf\u00f6retagens auktorisationsn\u00e4mnd rekommenderade den ett nytt f\u00f6retag f\u00f6r auktorisation. Det inneb\u00e4r att de uppfyller Kompetensf\u00f6retagens krav, som att de varit verksamma i minst 12 m\u00e5nader och kan redovisa ordnad ekonomi. Kraven i sin helhet finns du <a href=\"https:\/\/eur02.safelinks.protection.outlook.com\/?url=https%3A%2F%2Fwww.kompetensforetagen.se%2Fauktorisation-2%2Fansok-om-auktorisation%2Fsteg-1-villkor-for-auktorisation-kan-foretaget-bli-auktoriserat%2F&amp;data=02%7C01%7Ccecilia.malmstrom%40almega.se%7C1879494ae2904e9ae4cf08d8429bc3c0%7C1d019c94da7b49c2bf935ee1bb4b6882%7C0%7C0%7C637332584062765823&amp;sdata=8zeZIofgc%2B0Kio43UnkolTf%2B48mk6mR%2FGUerIKvZMKg%3D&amp;reserved=0\">h\u00e4r<\/a><\/span><span style=\"background-color: transparent;font-size: 1rem\" data-ccp-props=\"{&quot;201341983&quot;:0,&quot;335559739&quot;:160,&quot;335559740&quot;:259}\">&nbsp;<\/span><\/p>\n\n\n\n<p><span data-contrast=\"auto\">De f\u00f6retag som nu godk\u00e4nts f\u00f6r auktorisation av Kompetensf\u00f6retagens styrelse har meddelats detta.&nbsp;<\/span><span data-ccp-props=\"{&quot;201341983&quot;:0,&quot;335559739&quot;:160,&quot;335559740&quot;:259}\">&nbsp;<\/span><\/p>\n\n\n\n<p><strong>101 medlemsf\u00f6retag fick sin ans\u00f6kan om f\u00f6rnyad auktorisation godk\u00e4nd.&nbsp;&nbsp;<\/strong><\/p>\n\n\n\n<p><span data-contrast=\"auto\">Vid auktorisationsn\u00e4mndens m\u00f6te lades ocks\u00e5 fram att fyra medlemsf\u00f6retag vid granskning inte uppfyller Kompetensf\u00f6retagens krav, och fick d\u00e4rmed inte beh\u00e5lla sina auktorisationer, enligt beslut fr\u00e5n Kompetensf\u00f6retagens styrelse. P\u00e5 samma grunder fick ett f\u00f6retag avslag p\u00e5 sin ans\u00f6kan. Vilka f\u00f6retag detta g\u00e4ller, och grunderna f\u00f6r beslut \u00e4r inte offentligt. De \u00e4r dock v\u00e4lkomna tillbaka med ny auktorisationsans\u00f6kan efter sex m\u00e5nader<\/span><i><span data-contrast=\"auto\">,<\/span><\/i><span data-contrast=\"auto\"> n\u00e4r de \u00e5ter uppfyller Kompetensf\u00f6retagens krav.&nbsp;<\/span><span data-ccp-props=\"{&quot;201341983&quot;:0,&quot;335559739&quot;:160,&quot;335559740&quot;:259}\">&nbsp;<\/span><\/p>\n\n\n\n<p><span data-contrast=\"auto\">Kompetensf\u00f6retagens <a href=\"https:\/\/www.kompetensforetagen.se\/auktorisation\/kompetensforetagens-auktorisationsnamnd\/\">auktorisationsn\u00e4mnd<\/a> leds av G\u00f6ran H\u00e4gglund, och \u00f6vriga deltagare i n\u00e4mnden \u00e4r representanter f\u00f6r Kompetensf\u00f6retagen, Akademikerf\u00f6rbunden, LO-f\u00f6rbunden och Unionen.<\/span><span data-ccp-props=\"{&quot;201341983&quot;:0,&quot;335559739&quot;:160,&quot;335559740&quot;:259}\">&nbsp;<\/span><\/p>\n","protected":false},"excerpt":{"rendered":"<p>Ett nytt auktoriserat f\u00f6retag och fyra f\u00f6rlorar auktorisationen Vid det senaste m\u00f6tet med Kompetensf\u00f6retagens auktorisationsn\u00e4mnd rekommenderade den ett nytt f\u00f6retag f\u00f6r auktorisation. Det inneb\u00e4r att de uppfyller Kompetensf\u00f6retagens krav, som att de varit verksamma i &hellip;<\/p>\n","protected":false},"author":13369,"featured_media":10591,"comment_status":"closed","ping_status":"closed","sticky":false,"template":"","format":"standard","meta":{"_acf_changed":false,"footnotes":""},"categories":[17,1],"tags":[],"article_type":[8],"agreement":[],"for-members":[],"class_list":["post-10590","post","type-post","status-publish","format-standard","has-post-thumbnail","hentry","category-auktorisation","category-okategoriserade","type-aktuellt"],"acf":[],"yoast_head":"<!-- This site is optimized with the Yoast SEO Premium plugin v26.8 (Yoast SEO v26.8) - https:\/\/yoast.com\/product\/yoast-seo-premium-wordpress\/ -->\n<title>101 medlemsf\u00f6retag fick sin ans\u00f6kan om f\u00f6rnyad auktorisation godk\u00e4nd. - Kompetensf\u00f6retagen<\/title>\n<meta name=\"description\" content=\"101 medlemsf\u00f6retag fick sin ans\u00f6kan om f\u00f6rnyad auktorisation godk\u00e4nd.\u00a0\" \/>\n<meta name=\"robots\" content=\"index, follow, max-snippet:-1, max-image-preview:large, max-video-preview:-1\" \/>\n<link rel=\"canonical\" href=\"https:\/\/www.kompetensforetagen.se\/2023\/01\/ett-nytt-auktoriserat-foretag-och-fyra-forlorar-auktorisationen\/\" \/>\n<meta property=\"og:locale\" content=\"sv_SE\" \/>\n<meta property=\"og:type\" content=\"article\" \/>\n<meta property=\"og:title\" content=\"101 medlemsf\u00f6retag fick sin ans\u00f6kan om f\u00f6rnyad auktorisation godk\u00e4nd.\" \/>\n<meta property=\"og:description\" content=\"101 medlemsf\u00f6retag fick sin ans\u00f6kan om f\u00f6rnyad auktorisation godk\u00e4nd.\u00a0\" \/>\n<meta property=\"og:url\" content=\"https:\/\/www.kompetensforetagen.se\/2023\/01\/ett-nytt-auktoriserat-foretag-och-fyra-forlorar-auktorisationen\/\" \/>\n<meta property=\"og:site_name\" content=\"Kompetensf\u00f6retagen\" \/>\n<meta property=\"article:published_time\" content=\"2023-01-03T11:04:22+00:00\" \/>\n<meta property=\"article:modified_time\" content=\"2023-07-14T07:41:38+00:00\" \/>\n<meta property=\"og:image\" content=\"https:\/\/www.kompetensforetagen.se\/app\/uploads\/sites\/5\/2023\/01\/pexels-dominika-roseclay-3839649-scaled.jpg\" \/>\n\t<meta property=\"og:image:width\" content=\"1707\" \/>\n\t<meta property=\"og:image:height\" content=\"2560\" \/>\n\t<meta property=\"og:image:type\" content=\"image\/jpeg\" \/>\n<meta name=\"author\" content=\"Camilla Gunnar\" \/>\n<meta name=\"twitter:card\" content=\"summary_large_image\" \/>\n<meta name=\"twitter:label1\" content=\"Skriven av\" \/>\n\t<meta name=\"twitter:data1\" content=\"Camilla Gunnar\" \/>\n\t<meta name=\"twitter:label2\" content=\"Ber\u00e4knad l\u00e4stid\" \/>\n\t<meta name=\"twitter:data2\" content=\"1 minut\" \/>\n<!-- \/ Yoast SEO Premium plugin. -->","yoast_head_json":{"title":"101 medlemsf\u00f6retag fick sin ans\u00f6kan om f\u00f6rnyad auktorisation godk\u00e4nd. - Kompetensf\u00f6retagen","description":"101 medlemsf\u00f6retag fick sin ans\u00f6kan om f\u00f6rnyad auktorisation godk\u00e4nd.\u00a0","robots":{"index":"index","follow":"follow","max-snippet":"max-snippet:-1","max-image-preview":"max-image-preview:large","max-video-preview":"max-video-preview:-1"},"canonical":"https:\/\/www.kompetensforetagen.se\/2023\/01\/ett-nytt-auktoriserat-foretag-och-fyra-forlorar-auktorisationen\/","og_locale":"sv_SE","og_type":"article","og_title":"101 medlemsf\u00f6retag fick sin ans\u00f6kan om f\u00f6rnyad auktorisation godk\u00e4nd.","og_description":"101 medlemsf\u00f6retag fick sin ans\u00f6kan om f\u00f6rnyad auktorisation godk\u00e4nd.\u00a0","og_url":"https:\/\/www.kompetensforetagen.se\/2023\/01\/ett-nytt-auktoriserat-foretag-och-fyra-forlorar-auktorisationen\/","og_site_name":"Kompetensf\u00f6retagen","article_published_time":"2023-01-03T11:04:22+00:00","article_modified_time":"2023-07-14T07:41:38+00:00","og_image":[{"width":1707,"height":2560,"url":"https:\/\/www.kompetensforetagen.se\/app\/uploads\/sites\/5\/2023\/01\/pexels-dominika-roseclay-3839649-scaled.jpg","type":"image\/jpeg"}],"author":"Camilla Gunnar","twitter_card":"summary_large_image","twitter_misc":{"Skriven av":"Camilla Gunnar","Ber\u00e4knad l\u00e4stid":"1 minut"},"schema":{"@context":"https:\/\/schema.org","@graph":[{"@type":"Article","@id":"https:\/\/www.kompetensforetagen.se\/2023\/01\/ett-nytt-auktoriserat-foretag-och-fyra-forlorar-auktorisationen\/#article","isPartOf":{"@id":"https:\/\/www.kompetensforetagen.se\/2023\/01\/ett-nytt-auktoriserat-foretag-och-fyra-forlorar-auktorisationen\/"},"author":{"name":"Camilla Gunnar","@id":"https:\/\/www.kompetensforetagen.se\/#\/schema\/person\/c7bba27698c27aaa15cc55986aee8988"},"headline":"101 medlems&shy;f\u00f6retag fick sin ans\u00f6kan om f\u00f6rnyad auktorisation godk\u00e4nd.","datePublished":"2023-01-03T11:04:22+00:00","dateModified":"2023-07-14T07:41:38+00:00","mainEntityOfPage":{"@id":"https:\/\/www.kompetensforetagen.se\/2023\/01\/ett-nytt-auktoriserat-foretag-och-fyra-forlorar-auktorisationen\/"},"wordCount":220,"publisher":{"@id":"https:\/\/www.kompetensforetagen.se\/#organization"},"image":{"@id":"https:\/\/www.kompetensforetagen.se\/2023\/01\/ett-nytt-auktoriserat-foretag-och-fyra-forlorar-auktorisationen\/#primaryimage"},"thumbnailUrl":"https:\/\/www.kompetensforetagen.se\/app\/uploads\/sites\/5\/2023\/01\/pexels-dominika-roseclay-3839649-scaled.jpg","articleSection":["Auktorisation"],"inLanguage":"sv-SE"},{"@type":"WebPage","@id":"https:\/\/www.kompetensforetagen.se\/2023\/01\/ett-nytt-auktoriserat-foretag-och-fyra-forlorar-auktorisationen\/","url":"https:\/\/www.kompetensforetagen.se\/2023\/01\/ett-nytt-auktoriserat-foretag-och-fyra-forlorar-auktorisationen\/","name":"101 medlemsf\u00f6retag fick sin ans\u00f6kan om f\u00f6rnyad auktorisation godk\u00e4nd. - Kompetensf\u00f6retagen","isPartOf":{"@id":"https:\/\/www.kompetensforetagen.se\/#website"},"primaryImageOfPage":{"@id":"https:\/\/www.kompetensforetagen.se\/2023\/01\/ett-nytt-auktoriserat-foretag-och-fyra-forlorar-auktorisationen\/#primaryimage"},"image":{"@id":"https:\/\/www.kompetensforetagen.se\/2023\/01\/ett-nytt-auktoriserat-foretag-och-fyra-forlorar-auktorisationen\/#primaryimage"},"thumbnailUrl":"https:\/\/www.kompetensforetagen.se\/app\/uploads\/sites\/5\/2023\/01\/pexels-dominika-roseclay-3839649-scaled.jpg","datePublished":"2023-01-03T11:04:22+00:00","dateModified":"2023-07-14T07:41:38+00:00","description":"101 medlemsf\u00f6retag fick sin ans\u00f6kan om f\u00f6rnyad auktorisation godk\u00e4nd.\u00a0","breadcrumb":{"@id":"https:\/\/www.kompetensforetagen.se\/2023\/01\/ett-nytt-auktoriserat-foretag-och-fyra-forlorar-auktorisationen\/#breadcrumb"},"inLanguage":"sv-SE","potentialAction":[{"@type":"ReadAction","target":["https:\/\/www.kompetensforetagen.se\/2023\/01\/ett-nytt-auktoriserat-foretag-och-fyra-forlorar-auktorisationen\/"]}]},{"@type":"ImageObject","inLanguage":"sv-SE","@id":"https:\/\/www.kompetensforetagen.se\/2023\/01\/ett-nytt-auktoriserat-foretag-och-fyra-forlorar-auktorisationen\/#primaryimage","url":"https:\/\/www.kompetensforetagen.se\/app\/uploads\/sites\/5\/2023\/01\/pexels-dominika-roseclay-3839649-scaled.jpg","contentUrl":"https:\/\/www.kompetensforetagen.se\/app\/uploads\/sites\/5\/2023\/01\/pexels-dominika-roseclay-3839649-scaled.jpg","width":1707,"height":2560,"caption":"St\u00e4mpel ligger p\u00e5 st\u00e4mpeldyna"},{"@type":"BreadcrumbList","@id":"https:\/\/www.kompetensforetagen.se\/2023\/01\/ett-nytt-auktoriserat-foretag-och-fyra-forlorar-auktorisationen\/#breadcrumb","itemListElement":[{"@type":"ListItem","position":1,"name":"Home","item":"https:\/\/www.kompetensforetagen.se\/"},{"@type":"ListItem","position":2,"name":"101 medlems&shy;f\u00f6retag fick sin ans\u00f6kan om f\u00f6rnyad auktorisation godk\u00e4nd."}]},{"@type":"WebSite","@id":"https:\/\/www.kompetensforetagen.se\/#website","url":"https:\/\/www.kompetensforetagen.se\/","name":"Kompetensf\u00f6retagen","description":"R\u00e4tt person p\u00e5 r\u00e4tt plats kan f\u00f6r\u00e4ndra v\u00e4rlden","publisher":{"@id":"https:\/\/www.kompetensforetagen.se\/#organization"},"potentialAction":[{"@type":"SearchAction","target":{"@type":"EntryPoint","urlTemplate":"https:\/\/www.kompetensforetagen.se\/?s={search_term_string}"},"query-input":{"@type":"PropertyValueSpecification","valueRequired":true,"valueName":"search_term_string"}}],"inLanguage":"sv-SE"},{"@type":"Organization","@id":"https:\/\/www.kompetensforetagen.se\/#organization","name":"Kompetensf\u00f6retagen","url":"https:\/\/www.kompetensforetagen.se\/","logo":{"@type":"ImageObject","inLanguage":"sv-SE","@id":"https:\/\/www.kompetensforetagen.se\/#\/schema\/logo\/image\/","url":"https:\/\/www.kompetensforetagen.se\/app\/uploads\/sites\/5\/2022\/10\/logga_svart.png","contentUrl":"https:\/\/www.kompetensforetagen.se\/app\/uploads\/sites\/5\/2022\/10\/logga_svart.png","width":752,"height":64,"caption":"Kompetensf\u00f6retagen"},"image":{"@id":"https:\/\/www.kompetensforetagen.se\/#\/schema\/logo\/image\/"},"sameAs":["https:\/\/www.linkedin.com\/company\/10540032\/"]},{"@type":"Person","@id":"https:\/\/www.kompetensforetagen.se\/#\/schema\/person\/c7bba27698c27aaa15cc55986aee8988","name":"Camilla Gunnar","image":{"@type":"ImageObject","inLanguage":"sv-SE","@id":"https:\/\/www.kompetensforetagen.se\/#\/schema\/person\/image\/","url":"https:\/\/secure.gravatar.com\/avatar\/22efdd0a8a6d5ee41af811eb334df2a6e2bf5e0edcf2f39b1e9a2ddf72c7cc68?s=96&d=mm&r=g","contentUrl":"https:\/\/secure.gravatar.com\/avatar\/22efdd0a8a6d5ee41af811eb334df2a6e2bf5e0edcf2f39b1e9a2ddf72c7cc68?s=96&d=mm&r=g","caption":"Camilla Gunnar"},"url":"https:\/\/www.kompetensforetagen.se\/person\/camillagunnar-2\/"}]}},"_links":{"self":[{"href":"https:\/\/www.kompetensforetagen.se\/api\/wp\/v2\/posts\/10590","targetHints":{"allow":["GET"]}}],"collection":[{"href":"https:\/\/www.kompetensforetagen.se\/api\/wp\/v2\/posts"}],"about":[{"href":"https:\/\/www.kompetensforetagen.se\/api\/wp\/v2\/types\/post"}],"author":[{"embeddable":true,"href":"https:\/\/www.kompetensforetagen.se\/api\/wp\/v2\/users\/13369"}],"replies":[{"embeddable":true,"href":"https:\/\/www.kompetensforetagen.se\/api\/wp\/v2\/comments?post=10590"}],"version-history":[{"count":1,"href":"https:\/\/www.kompetensforetagen.se\/api\/wp\/v2\/posts\/10590\/revisions"}],"predecessor-version":[{"id":11579,"href":"https:\/\/www.kompetensforetagen.se\/api\/wp\/v2\/posts\/10590\/revisions\/11579"}],"wp:featuredmedia":[{"embeddable":true,"href":"https:\/\/www.kompetensforetagen.se\/api\/wp\/v2\/media\/10591"}],"wp:attachment":[{"href":"https:\/\/www.kompetensforetagen.se\/api\/wp\/v2\/media?parent=10590"}],"wp:term":[{"taxonomy":"category","embeddable":true,"href":"https:\/\/www.kompetensforetagen.se\/api\/wp\/v2\/categories?post=10590"},{"taxonomy":"post_tag","embeddable":true,"href":"https:\/\/www.kompetensforetagen.se\/api\/wp\/v2\/tags?post=10590"},{"taxonomy":"type","embeddable":true,"href":"https:\/\/www.kompetensforetagen.se\/api\/wp\/v2\/article_type?post=10590"},{"taxonomy":"agreement","embeddable":true,"href":"https:\/\/www.kompetensforetagen.se\/api\/wp\/v2\/agreement?post=10590"},{"taxonomy":"for-members","embeddable":true,"href":"https:\/\/www.kompetensforetagen.se\/api\/wp\/v2\/for-members?post=10590"}],"curies":[{"name":"wp","href":"https:\/\/api.w.org\/{rel}","templated":true}]}}