{"id":10534,"date":"2022-12-20T13:00:28","date_gmt":"2022-12-20T12:00:28","guid":{"rendered":"https:\/\/www.kompetensforetagen.se\/?p=10534"},"modified":"2023-10-31T15:13:12","modified_gmt":"2023-10-31T14:13:12","slug":"intervju-med-ordforande-eva-domanders","status":"publish","type":"post","link":"https:\/\/www.kompetensforetagen.se\/2022\/12\/intervju-med-ordforande-eva-domanders\/","title":{"rendered":"Intervju med ordf\u00f6rande Eva Domanders"},"content":{"rendered":"\n<p>Eva Domanders \u00e4r Kompetensf\u00f6retagens ordf\u00f6rande sedan 2017, men hon har suttit i styrelsen \u00e4nda sedan 2013. I den h\u00e4r intervjun ber\u00e4ttar Eva om sin syn p\u00e5 kompetensbranschens framtid, sitt engagemang och varf\u00f6r det \u00e4r s\u00e5 viktigt med uth\u00e5llighet.<\/p>\n\n\n\n<p><strong>Du har varit ordf\u00f6rande f\u00f6r Kompetensf\u00f6retagen i fem \u00e5r nu, vilka f\u00f6r\u00e4ndringar f\u00f6r branschen har du sett under den tiden? <\/strong><\/p>\n\n\n\n<p>&#8211; Branschen vilar p\u00e5 de fordringar som arbetsmarknaden st\u00e4ller p\u00e5 kompetensf\u00f6rs\u00f6rjning, och n\u00e4r de f\u00f6r\u00e4ndras s\u00e5 svarar branschen p\u00e5 dem. Det jag har sett de senaste \u00e5ren \u00e4r att allting g\u00e5r mycket snabbare, b\u00e5de ned- och uppg\u00e5ngar, vilket \u00f6kar kraven p\u00e5 v\u00e5ra medlemmar. Mer specialistkompetens, snabba v\u00e4xlingar i volymer, och h\u00f6gre krav p\u00e5 matchning. Men framf\u00f6r allt har jag sett hur denna relativt unga bransch tar sig an utmaningar. Det finns ett driv och en innovationskraft som jag \u00e4r oerh\u00f6rt stolt \u00f6ver! Till exempel gjordes fantastiska insatser under pandemin, d\u00e5 <a href=\"https:\/\/www.kompetensforetagen.se\/kompetensforetag-stottar-i-coronakrisen\/\" target=\"_blank\" rel=\"noopener\">medlemsf\u00f6retagen bidrog till att samh\u00e4llsb\u00e4rande uppgifter kunde genomf\u00f6ras och livet underl\u00e4ttas f\u00f6r medborgarna<\/a>. Men \u00e4ven i vardagen \u2013 branschen st\u00f6ttar hela arbetsmarknaden, och utan den skulle verksamheter stanna, talanger stagnera och m\u00e4nniskor fastna i utanf\u00f6rskap.<\/p>\n\n\n\n<p><strong>Vad blir effekten av arbetsmarknadens snabba v\u00e4xlingar?<\/strong><\/p>\n\n\n\n<p>-I kompetensbranschen ser vi effekterna n\u00e4r till exempel behovet av rekrytering och omst\u00e4llning minskar respektive \u00f6kar i takt med konjunkturen. Men jag ser ocks\u00e5 branschens kunskap och innovationsf\u00f6rm\u00e5ga komma till sin r\u00e4tt.<\/p>\n\n\n\n<blockquote class=\"wp-block-quote is-layout-flow wp-block-quote-is-layout-flow\">\n<p>Medlemsf\u00f6retag skapar mjukvara som underl\u00e4ttar f\u00f6rdomsfri rekrytering och ger m\u00f6jlighet att prova p\u00e5 jobb i digitala milj\u00f6er<\/p>\n<\/blockquote>\n\n\n\n<p>Medlemsf\u00f6retag skapar mjukvara som underl\u00e4ttar f\u00f6rdomsfri rekrytering och ger m\u00f6jlighet att prova p\u00e5 jobb i digitala milj\u00f6er. De kommer sj\u00e4lva med l\u00f6sningar f\u00f6r att utveckla arbetss\u00f6kande och g\u00f6ra dem anst\u00e4llningsbara, och m\u00f6ter kundernas behov av kompetensf\u00f6rs\u00f6rjning. Vill man sen titta till lite mjukare v\u00e4rden visar v\u00e5ra <a href=\"https:\/\/www.kompetensforetagen.se\/konsultundersokningar\/\" target=\"_blank\" rel=\"noopener\">konsultunders\u00f6kningar<\/a> g\u00e5ng efter annan att konsulterna trivs med sina jobb, och ser det som en v\u00e4g till en vidare karri\u00e4r. Det \u00e4r ingen d\u00e5lig effekt!<\/p>\n\n\n\n<p><strong>Tror du att branschen kommer att v\u00e4xa, och i s\u00e5 fall p\u00e5 vilket s\u00e4tt? <\/strong><br><span style=\"background-color: transparent;font-size: 1rem\">-Den har alla f\u00f6ruts\u00e4ttningar att g\u00f6ra det. Branschen finns som sagt till f\u00f6r att svara p\u00e5 behoven p\u00e5 arbetsmarknaden, och har v\u00e4xt i takt med att den f\u00f6r\u00e4ndrats. Med global konkurrens och of\u00f6rutsedda h\u00e4ndelser, b\u00e5de kriser och utveckling, \u00e4r branschen ett viktigt kugghjul i arbetsmarknadens maskineri. Medlemsf\u00f6retagens verksamhet \u00e4r k\u00e4rnan i arbetsmarknadens ekosystem: att ta tillvara p\u00e5 kompetens, odla talanger, och matcha s\u00e5 precist som m\u00f6jligt. I Sverige finns oerh\u00f6rt m\u00e5nga sm\u00e5 och medelstora f\u00f6retag som inte kan h\u00e5lla sig med egna HR-avdelningar, men att g\u00f6ra en felrekrytering kan vara fatalt f\u00f6r dem, d\u00e4r beh\u00f6ver man se att kompetensbranschen \u00e4r l\u00f6sningen. En <a href=\"https:\/\/www.svensktnaringsliv.se\/sakomraden\/utbildning\/vaxande-rekryteringshinder-ett-allt-storre-problem-rekryteringsen_1182984.html\" target=\"_blank\" rel=\"noopener\">rekryteringsenk\u00e4t fr\u00e5n Svenskt N\u00e4ringsliv<\/a> visar att tre av tio rekryteringsf\u00f6rs\u00f6k misslyckades under 2021, och efter anv\u00e4ndandet av informella kontakter var de som anv\u00e4nt sig av bemannings- eller rekryteringsf\u00f6retag mest n\u00f6jda med sina resultat. Sen finns det \u00e4ven st\u00f6rre verksamheter som skulle kunna dra nytta av en extern HR-partner med expertis och n\u00e4tverk som \u00f6verstiger de egna.<\/span><\/p>\n\n\n\n<p><strong>Vad \u00e4r f\u00f6rbundets utvecklingsambitioner f\u00f6r branschen?<\/strong><\/p>\n\n\n\n<p>-I takt med de digitala framstegen tilltar trycket p\u00e5 verksamheter och organisationer- och fr\u00e5n deras kunder \u2013 i fr\u00e5ga om tillg\u00e4nglighet och leverans. Det ligger i kompetensbranschens natur att utvecklas i f\u00f6rh\u00e5llande till de kompetensf\u00f6rs\u00f6rjningskrav som d\u00e5 uppst\u00e5r.<\/p>\n\n\n\n<blockquote class=\"wp-block-quote is-layout-flow wp-block-quote-is-layout-flow\">\n<p>Vi, liksom branschen, har blicken fram\u00e5t f\u00f6r att se vilka m\u00f6jligheter och hinder den resan bjuder p\u00e5, och hur vi p\u00e5 b\u00e4sta s\u00e4tt m\u00f6ter dem<\/p>\n<\/blockquote>\n\n\n\n<p>Det kommer att g\u00e5 mot till exempel mer och fler specialistkompetenser b\u00e5de f\u00f6r rekrytering och inhyrning, och att medarbetare m\u00e5ste vidareutbildas och omst\u00e4llas. F\u00f6rbundet ska bist\u00e5 och bana v\u00e4g f\u00f6r f\u00f6retagen p\u00e5 resan. Vi, liksom branschen, har blicken fram\u00e5t f\u00f6r att se vilka m\u00f6jligheter och hinder den resan bjuder p\u00e5, och hur vi p\u00e5 b\u00e4sta s\u00e4tt m\u00f6ter dem.<\/p>\n\n\n\n<p><strong>Vad kr\u00e4vs f\u00f6r att s\u00e4kra kompetensf\u00f6rs\u00f6rjningen i landets verksamheter? <\/strong><\/p>\n\n\n\n<p>-Framf\u00f6r allt m\u00e5ste b\u00e5de politiken och arbetsmarknadens parter t\u00e4nka nytt, och vara redo f\u00f6r stora f\u00f6r\u00e4ndringar. Till exempel var v\u00e4rlden of\u00f6rberedd p\u00e5 b\u00e5de pandemin och kriget i Ukraina. Under pandemin uppstod \u201d<a href=\"https:\/\/www.kompetensforetagen.se\/2022\/10\/sa-hanterar-du-det-stora-avhoppet\/\" target=\"_blank\" rel=\"noopener\">det stora avhoppet<\/a>\u201d, d\u00e4r m\u00e5nga har omv\u00e4rderat sina liv och sin arbetssituation, och g\u00e5r inte tillbaka till sina jobb. Vi har inte sett s\u00e5 mycket av det i Sverige \u00e4nnu, men glappet mellan jobbutbud och efterfr\u00e5gad kompetens \u00e4r \u00e4nd\u00e5 stort. Det kr\u00e4ver l\u00e5ngsiktiga, politiska kompetensf\u00f6rs\u00f6rjningsstrategier som omfattar bland annat omst\u00e4llning och utbildning. En annan minst lika viktig del \u00e4r att politiker och tj\u00e4nstem\u00e4n fortsatt omfamnar samarbeten med privata akt\u00f6rer och leverant\u00f6rer som \u00e4r experter p\u00e5 arbetsmarknad och kompetensf\u00f6rs\u00f6rjning.<strong style=\"background-color: transparent;font-size: 1rem\">&nbsp;<\/strong><\/p>\n\n\n\n<p><strong>Hur kan kompetensbranschen bidra? <\/strong><\/p>\n\n\n\n<p>-En<a href=\"https:\/\/www.mckinsey.com\/featured-insights\/coronavirus-leading-through-the-crisis\/charting-the-path-to-the-next-normal\/mind-the-skills-gap\" target=\"_blank\" rel=\"noopener\"> McKinsey-unders\u00f6kning<\/a> visar att 87 procent av f\u00f6retag globalt anser att de antingen upplever kompetensbrist nu eller f\u00f6rv\u00e4ntar sig att g\u00f6ra det de n\u00e4rmaste \u00e5ren. Enligt World Economic Forum m\u00e5ste h\u00e4lften av alla anst\u00e4llda runt om i v\u00e4rlden <a href=\"https:\/\/www.weforum.org\/agenda\/2020\/10\/top-10-work-skills-of-tomorrow-how-long-it-takes-to-learn-them\/\" target=\"_blank\" rel=\"noopener\">vidareutbildas eller omskolas till 2025<\/a> p\u00e5 grund av automatisering och ny teknik. Utmaningen f\u00f6r arbetsgivare, b\u00e5de i Sverige och globalt, \u00e4r att de beh\u00f6ver f\u00f6regripa och m\u00f6ta de v\u00e4xlande behoven, samtidigt som den nuvarande kompetensbristen m\u00e5ste l\u00f6sas. Kompetensbranschen \u00e4r en del av l\u00f6sningen de h\u00e4r utmaningarna, i alla led. Jag n\u00e4mnde lite klich\u00e9aktigt att branschen \u00e4r ett kugghjul i arbetsmarknadens maskineri, men jag menar det. Saknas en kugge i ett maskineri stannar det. Med kompetensbranschens hj\u00e4lp \u00e4r chanserna st\u00f6rre f\u00f6r att arbetsmarknaden inte bara fungerar, utan kan bli stark, konkurrenskraftig och inkluderande.<\/p>\n\n\n\n<p><strong>Var hittar du ditt engagemang? <\/strong><\/p>\n\n\n\n<p>-Jag h\u00e4mtar min energi fr\u00e5n n\u00e4ra och k\u00e4ra och genom ett aktivt liv. Resande \u00e4r en del, skid\u00e5kning p\u00e5 b\u00e5de l\u00e4ngden och utf\u00f6r ett annat. Ska jag prata om engagemanget s\u00e5 k\u00e4nns det stort och viktigt att vara med p\u00e5 ett litet h\u00f6rn bland dem som bidrar till att g\u00f6ra v\u00e4rlden lite b\u00e4ttre. M\u00f6jligheten att f\u00f6lja den inre kompassen i den riktningen ger br\u00e4nsle. I det ing\u00e5r ju att skapa de b\u00e4sta f\u00f6ruts\u00e4ttningarna f\u00f6r v\u00e5ra medlemsf\u00f6retag att verka.<\/p>\n\n\n\n<p><strong>Vilka \u00e4r dina f\u00f6rebilder?<\/strong><\/p>\n\n\n\n<p>-N\u00e4r man jobbar f\u00f6r att bidra till att v\u00e4rlden ska bli lite b\u00e4ttre \u00e4r just uth\u00e5llighet en viktig egenskap, och den \u00e4r viktig \u00e4ven f\u00f6r mig. D\u00e5 m\u00e5ste man h\u00e5lla blicken b\u00e5de l\u00e5ngt fram och n\u00e4ra, och vara l\u00f6sningsorienterad. S\u00e5 mina f\u00f6rebilder \u00e4r s\u00e5dana, de ser m\u00f6jligheter och v\u00e5gar utmana, de \u00e4r modiga m\u00e4nniskor. Vi har m\u00e5nga kompetenta och modiga ledare bland medlemmarna, men om jag ska n\u00e4mna n\u00e5gra namn \u00e4r <a href=\"https:\/\/sv.wikipedia.org\/wiki\/Ulla_Murman\" target=\"_blank\" rel=\"noopener\">Ulla Murman<\/a> given. Hon var oerh\u00f6rt uth\u00e5llig, och jobbade p\u00e5 of\u00f6rtrutet, i motvind. Tv\u00e5 andra modiga och uth\u00e5lliga f\u00f6rebilder \u00e4r Amanda Lundeteg och Hedi Fried. Man ska aldrig gl\u00f6mma dem som banat v\u00e4gen f\u00f6r det som g\u00e5r idag, men inte heller dem som kan m\u00f6jligg\u00f6ra det som anas i horisonten.<\/p>\n\n\n\n<p><img loading=\"lazy\" decoding=\"async\" class=\"alignnone size-medium wp-image-10544\" src=\"https:\/\/www.almega.se\/app\/uploads\/sites\/5\/2022\/12\/forebilder_eva-580x387.png\" alt=\"\" width=\"580\" height=\"387\" srcset=\"https:\/\/www.kompetensforetagen.se\/app\/uploads\/sites\/5\/2022\/12\/forebilder_eva-580x387.png 580w, https:\/\/www.kompetensforetagen.se\/app\/uploads\/sites\/5\/2022\/12\/forebilder_eva-380x253.png 380w, https:\/\/www.kompetensforetagen.se\/app\/uploads\/sites\/5\/2022\/12\/forebilder_eva-768x512.png 768w, https:\/\/www.kompetensforetagen.se\/app\/uploads\/sites\/5\/2022\/12\/forebilder_eva.png 1125w\" sizes=\"auto, (max-width: 580px) 100vw, 580px\" \/><br><em style=\"font-size: 1rem\">Foto: Hedi Fried &#8211; Karl Garbor, Amanda Lundeteg &#8211;&nbsp; Hilda Forsell.<\/em><\/p>\n","protected":false},"excerpt":{"rendered":"<p>Eva Domanders \u00e4r Kompetensf\u00f6retagens ordf\u00f6rande sedan 2017, men hon har suttit i styrelsen \u00e4nda sedan 2013. I den h\u00e4r intervjun ber\u00e4ttar Eva om sin syn p\u00e5 kompetensbranschens framtid, sitt engagemang och varf\u00f6r det \u00e4r s\u00e5 &hellip;<\/p>\n","protected":false},"author":6358,"featured_media":8808,"comment_status":"closed","ping_status":"closed","sticky":false,"template":"","format":"standard","meta":{"_acf_changed":false,"footnotes":""},"categories":[1],"tags":[],"article_type":[8],"agreement":[],"for-members":[],"class_list":["post-10534","post","type-post","status-publish","format-standard","has-post-thumbnail","hentry","category-okategoriserade","type-aktuellt"],"acf":[],"yoast_head":"<!-- This site is optimized with the Yoast SEO Premium plugin v26.8 (Yoast SEO v26.8) - https:\/\/yoast.com\/product\/yoast-seo-premium-wordpress\/ -->\n<title>Intervju med ordf\u00f6rande Eva Domanders I Kompetensf\u00f6retagen<\/title>\n<meta name=\"description\" content=\"Eva Domanders ber\u00e4ttar i den h\u00e4r intervjun om sin syn p\u00e5 kompetensbranschens framtid, sitt engagemang och varf\u00f6r det \u00e4r s\u00e5 viktigt med uth\u00e5llighet.\" \/>\n<meta name=\"robots\" content=\"index, follow, max-snippet:-1, max-image-preview:large, max-video-preview:-1\" \/>\n<link rel=\"canonical\" href=\"https:\/\/www.kompetensforetagen.se\/2022\/12\/intervju-med-ordforande-eva-domanders\/\" \/>\n<meta property=\"og:locale\" content=\"sv_SE\" \/>\n<meta property=\"og:type\" content=\"article\" \/>\n<meta property=\"og:title\" content=\"Intervju med ordf\u00f6rande Eva Domanders\" \/>\n<meta property=\"og:description\" content=\"Eva Domanders ber\u00e4ttar i den h\u00e4r intervjun om sin syn p\u00e5 kompetensbranschens framtid, sitt engagemang och varf\u00f6r det \u00e4r s\u00e5 viktigt med uth\u00e5llighet.\" \/>\n<meta property=\"og:url\" content=\"https:\/\/www.kompetensforetagen.se\/2022\/12\/intervju-med-ordforande-eva-domanders\/\" \/>\n<meta property=\"og:site_name\" content=\"Kompetensf\u00f6retagen\" \/>\n<meta property=\"article:published_time\" content=\"2022-12-20T12:00:28+00:00\" \/>\n<meta property=\"article:modified_time\" content=\"2023-10-31T14:13:12+00:00\" \/>\n<meta property=\"og:image\" content=\"https:\/\/www.kompetensforetagen.se\/app\/uploads\/sites\/5\/2022\/01\/dsc9406-scaled.jpg\" \/>\n\t<meta property=\"og:image:width\" content=\"2560\" \/>\n\t<meta property=\"og:image:height\" content=\"1707\" \/>\n\t<meta property=\"og:image:type\" content=\"image\/jpeg\" \/>\n<meta name=\"twitter:card\" content=\"summary_large_image\" \/>\n<meta name=\"twitter:label1\" content=\"Skriven av\" \/>\n\t<meta name=\"twitter:data1\" content=\"\" \/>\n\t<meta name=\"twitter:label2\" content=\"Ber\u00e4knad l\u00e4stid\" \/>\n\t<meta name=\"twitter:data2\" content=\"6 minuter\" \/>\n<!-- \/ Yoast SEO Premium plugin. -->","yoast_head_json":{"title":"Intervju med ordf\u00f6rande Eva Domanders I Kompetensf\u00f6retagen","description":"Eva Domanders ber\u00e4ttar i den h\u00e4r intervjun om sin syn p\u00e5 kompetensbranschens framtid, sitt engagemang och varf\u00f6r det \u00e4r s\u00e5 viktigt med uth\u00e5llighet.","robots":{"index":"index","follow":"follow","max-snippet":"max-snippet:-1","max-image-preview":"max-image-preview:large","max-video-preview":"max-video-preview:-1"},"canonical":"https:\/\/www.kompetensforetagen.se\/2022\/12\/intervju-med-ordforande-eva-domanders\/","og_locale":"sv_SE","og_type":"article","og_title":"Intervju med ordf\u00f6rande Eva Domanders","og_description":"Eva Domanders ber\u00e4ttar i den h\u00e4r intervjun om sin syn p\u00e5 kompetensbranschens framtid, sitt engagemang och varf\u00f6r det \u00e4r s\u00e5 viktigt med uth\u00e5llighet.","og_url":"https:\/\/www.kompetensforetagen.se\/2022\/12\/intervju-med-ordforande-eva-domanders\/","og_site_name":"Kompetensf\u00f6retagen","article_published_time":"2022-12-20T12:00:28+00:00","article_modified_time":"2023-10-31T14:13:12+00:00","og_image":[{"width":2560,"height":1707,"url":"https:\/\/www.kompetensforetagen.se\/app\/uploads\/sites\/5\/2022\/01\/dsc9406-scaled.jpg","type":"image\/jpeg"}],"twitter_card":"summary_large_image","twitter_misc":{"Skriven av":"","Ber\u00e4knad l\u00e4stid":"6 minuter"},"schema":{"@context":"https:\/\/schema.org","@graph":[{"@type":"Article","@id":"https:\/\/www.kompetensforetagen.se\/2022\/12\/intervju-med-ordforande-eva-domanders\/#article","isPartOf":{"@id":"https:\/\/www.kompetensforetagen.se\/2022\/12\/intervju-med-ordforande-eva-domanders\/"},"author":{"name":"","@id":""},"headline":"Intervju med ordf\u00f6rande Eva Domanders","datePublished":"2022-12-20T12:00:28+00:00","dateModified":"2023-10-31T14:13:12+00:00","mainEntityOfPage":{"@id":"https:\/\/www.kompetensforetagen.se\/2022\/12\/intervju-med-ordforande-eva-domanders\/"},"wordCount":1324,"publisher":{"@id":"https:\/\/www.kompetensforetagen.se\/#organization"},"image":{"@id":"https:\/\/www.kompetensforetagen.se\/2022\/12\/intervju-med-ordforande-eva-domanders\/#primaryimage"},"thumbnailUrl":"https:\/\/www.kompetensforetagen.se\/app\/uploads\/sites\/5\/2022\/01\/dsc9406-scaled.jpg","inLanguage":"sv-SE"},{"@type":"WebPage","@id":"https:\/\/www.kompetensforetagen.se\/2022\/12\/intervju-med-ordforande-eva-domanders\/","url":"https:\/\/www.kompetensforetagen.se\/2022\/12\/intervju-med-ordforande-eva-domanders\/","name":"Intervju med ordf\u00f6rande Eva Domanders I Kompetensf\u00f6retagen","isPartOf":{"@id":"https:\/\/www.kompetensforetagen.se\/#website"},"primaryImageOfPage":{"@id":"https:\/\/www.kompetensforetagen.se\/2022\/12\/intervju-med-ordforande-eva-domanders\/#primaryimage"},"image":{"@id":"https:\/\/www.kompetensforetagen.se\/2022\/12\/intervju-med-ordforande-eva-domanders\/#primaryimage"},"thumbnailUrl":"https:\/\/www.kompetensforetagen.se\/app\/uploads\/sites\/5\/2022\/01\/dsc9406-scaled.jpg","datePublished":"2022-12-20T12:00:28+00:00","dateModified":"2023-10-31T14:13:12+00:00","description":"Eva Domanders ber\u00e4ttar i den h\u00e4r intervjun om sin syn p\u00e5 kompetensbranschens framtid, sitt engagemang och varf\u00f6r det \u00e4r s\u00e5 viktigt med uth\u00e5llighet.","breadcrumb":{"@id":"https:\/\/www.kompetensforetagen.se\/2022\/12\/intervju-med-ordforande-eva-domanders\/#breadcrumb"},"inLanguage":"sv-SE","potentialAction":[{"@type":"ReadAction","target":["https:\/\/www.kompetensforetagen.se\/2022\/12\/intervju-med-ordforande-eva-domanders\/"]}]},{"@type":"ImageObject","inLanguage":"sv-SE","@id":"https:\/\/www.kompetensforetagen.se\/2022\/12\/intervju-med-ordforande-eva-domanders\/#primaryimage","url":"https:\/\/www.kompetensforetagen.se\/app\/uploads\/sites\/5\/2022\/01\/dsc9406-scaled.jpg","contentUrl":"https:\/\/www.kompetensforetagen.se\/app\/uploads\/sites\/5\/2022\/01\/dsc9406-scaled.jpg","width":2560,"height":1707,"caption":"Eva Domanders"},{"@type":"BreadcrumbList","@id":"https:\/\/www.kompetensforetagen.se\/2022\/12\/intervju-med-ordforande-eva-domanders\/#breadcrumb","itemListElement":[{"@type":"ListItem","position":1,"name":"Home","item":"https:\/\/www.kompetensforetagen.se\/"},{"@type":"ListItem","position":2,"name":"Intervju med ordf\u00f6rande Eva Domanders"}]},{"@type":"WebSite","@id":"https:\/\/www.kompetensforetagen.se\/#website","url":"https:\/\/www.kompetensforetagen.se\/","name":"Kompetensf\u00f6retagen","description":"R\u00e4tt person p\u00e5 r\u00e4tt plats kan f\u00f6r\u00e4ndra v\u00e4rlden","publisher":{"@id":"https:\/\/www.kompetensforetagen.se\/#organization"},"potentialAction":[{"@type":"SearchAction","target":{"@type":"EntryPoint","urlTemplate":"https:\/\/www.kompetensforetagen.se\/?s={search_term_string}"},"query-input":{"@type":"PropertyValueSpecification","valueRequired":true,"valueName":"search_term_string"}}],"inLanguage":"sv-SE"},{"@type":"Organization","@id":"https:\/\/www.kompetensforetagen.se\/#organization","name":"Kompetensf\u00f6retagen","url":"https:\/\/www.kompetensforetagen.se\/","logo":{"@type":"ImageObject","inLanguage":"sv-SE","@id":"https:\/\/www.kompetensforetagen.se\/#\/schema\/logo\/image\/","url":"https:\/\/www.kompetensforetagen.se\/app\/uploads\/sites\/5\/2022\/10\/logga_svart.png","contentUrl":"https:\/\/www.kompetensforetagen.se\/app\/uploads\/sites\/5\/2022\/10\/logga_svart.png","width":752,"height":64,"caption":"Kompetensf\u00f6retagen"},"image":{"@id":"https:\/\/www.kompetensforetagen.se\/#\/schema\/logo\/image\/"},"sameAs":["https:\/\/www.linkedin.com\/company\/10540032\/"]},{"@type":"Person","@id":"","url":"https:\/\/www.kompetensforetagen.se\/person\/"}]}},"_links":{"self":[{"href":"https:\/\/www.kompetensforetagen.se\/api\/wp\/v2\/posts\/10534","targetHints":{"allow":["GET"]}}],"collection":[{"href":"https:\/\/www.kompetensforetagen.se\/api\/wp\/v2\/posts"}],"about":[{"href":"https:\/\/www.kompetensforetagen.se\/api\/wp\/v2\/types\/post"}],"author":[{"embeddable":true,"href":"https:\/\/www.kompetensforetagen.se\/api\/wp\/v2\/users\/6358"}],"replies":[{"embeddable":true,"href":"https:\/\/www.kompetensforetagen.se\/api\/wp\/v2\/comments?post=10534"}],"version-history":[{"count":3,"href":"https:\/\/www.kompetensforetagen.se\/api\/wp\/v2\/posts\/10534\/revisions"}],"predecessor-version":[{"id":15558,"href":"https:\/\/www.kompetensforetagen.se\/api\/wp\/v2\/posts\/10534\/revisions\/15558"}],"wp:featuredmedia":[{"embeddable":true,"href":"https:\/\/www.kompetensforetagen.se\/api\/wp\/v2\/media\/8808"}],"wp:attachment":[{"href":"https:\/\/www.kompetensforetagen.se\/api\/wp\/v2\/media?parent=10534"}],"wp:term":[{"taxonomy":"category","embeddable":true,"href":"https:\/\/www.kompetensforetagen.se\/api\/wp\/v2\/categories?post=10534"},{"taxonomy":"post_tag","embeddable":true,"href":"https:\/\/www.kompetensforetagen.se\/api\/wp\/v2\/tags?post=10534"},{"taxonomy":"type","embeddable":true,"href":"https:\/\/www.kompetensforetagen.se\/api\/wp\/v2\/article_type?post=10534"},{"taxonomy":"agreement","embeddable":true,"href":"https:\/\/www.kompetensforetagen.se\/api\/wp\/v2\/agreement?post=10534"},{"taxonomy":"for-members","embeddable":true,"href":"https:\/\/www.kompetensforetagen.se\/api\/wp\/v2\/for-members?post=10534"}],"curies":[{"name":"wp","href":"https:\/\/api.w.org\/{rel}","templated":true}]}}