{"id":10527,"date":"2022-12-19T14:53:01","date_gmt":"2022-12-19T13:53:01","guid":{"rendered":"https:\/\/www.kompetensforetagen.se\/?p=10527"},"modified":"2023-07-13T16:07:15","modified_gmt":"2023-07-13T14:07:15","slug":"tio-fakta-om-vardbemanning","status":"publish","type":"post","link":"https:\/\/www.kompetensforetagen.se\/2022\/12\/tio-fakta-om-vardbemanning\/","title":{"rendered":"Tillsammans f\u00f6r b\u00e4ttre v\u00e5rd &#8211; 10 fakta om v\u00e5rdbemanning"},"content":{"rendered":"\n<p><span data-contrast=\"auto\">Orsakerna till inhyrning i v\u00e5rden \u00e4r m\u00e5nga och skiftande. Ofta handlar det om geografiska parametrar. Det \u00e4r sv\u00e5rt att rekrytera specialistl\u00e4kare och sjuksk\u00f6terskor till fasta tj\u00e4nster p\u00e5 en m\u00e4ngd orter i landet. Dessutom kan det vara sv\u00e5rt att f\u00e5<br>specialistkompetens vid enskilda tillf\u00e4llen &#8211; alla sjukhus kan exempelvis inte ha handkirurger. En annan anledning \u00e4r f\u00f6r att t\u00e4cka upp vid fr\u00e5nvaro av de slag som dyker upp p\u00e5 alla arbetsplatser; p\u00e5 sommaren, kring jul, vid vidareutbildning och sjukdom eller n\u00e4r kompetensbristen g\u00f6r att det saknas s\u00f6kande till vakanser.\u00a0<\/span><\/p>\n\n\n\n<figure class=\"wp-block-image size-full\"><img loading=\"lazy\" decoding=\"async\" width=\"1180\" height=\"787\" src=\"https:\/\/www.kompetensforetagen.se\/app\/uploads\/sites\/5\/2023\/04\/Vardbemanning.png\" alt=\"\" class=\"wp-image-12684\" srcset=\"https:\/\/www.kompetensforetagen.se\/app\/uploads\/sites\/5\/2023\/04\/Vardbemanning.png 1180w, https:\/\/www.kompetensforetagen.se\/app\/uploads\/sites\/5\/2023\/04\/Vardbemanning-580x387.png 580w, https:\/\/www.kompetensforetagen.se\/app\/uploads\/sites\/5\/2023\/04\/Vardbemanning-380x253.png 380w, https:\/\/www.kompetensforetagen.se\/app\/uploads\/sites\/5\/2023\/04\/Vardbemanning-768x512.png 768w, https:\/\/www.kompetensforetagen.se\/app\/uploads\/sites\/5\/2023\/04\/Vardbemanning-600x400.png 600w\" sizes=\"auto, (max-width: 1180px) 100vw, 1180px\" \/><\/figure>\n\n\n\n<h3 class=\"wp-block-heading\"><span data-contrast=\"auto\">Fakta om v\u00e5rdbemanning<\/span><\/h3>\n\n\n\n<p><span data-contrast=\"auto\">Inom den privata sektorn \u00e4r konsulter vanliga f\u00f6r att f\u00e5 specialistkompetens, ge stabilitet i kompetensf\u00f6rs\u00f6rjningen eller en m\u00f6jlighet att snabbt v\u00e4xla upp antalet medarbetare. Dessa behov finns ocks\u00e5 inom v\u00e5rden. <\/span>Enligt&nbsp;<a href=\"https:\/\/skr.se\/download\/18.eb74a4a17f44902bce40129\/1646720568525\/Kostnader-for-inhyrd-personal-i-halso-och-sjukvarden_2021.pdf\" target=\"_blank\" rel=\"noopener\">SKR:s egna siffror<\/a> motsvarade enbart sjukfr\u00e5nvaro l\u00e4ngre \u00e4n 30 dagar i regionerna, p\u00e5 hel- eller deltid, cirka 7 200 \u00e5rsarbetare 2019. Sedan tillkommer till exempel kortare sjukfr\u00e5nvaro, semester, utbildning, f\u00f6r\u00e4ldraledighet och byte av arbetsplats. Sjukfr\u00e5nvaron under pandemi\u00e5ret 2020 motsvarade cirka 7 500 \u00e5rsarbetare. Med fr\u00e5nvaron uppst\u00e5r kvalitetsproblem i v\u00e5rden som l\u00e5nga v\u00e5rdk\u00f6er och sv\u00e5righeter att \u00f6ver huvud taget f\u00e5 tr\u00e4ffa en l\u00e4kare.&nbsp; Dessa knutar l\u00f6ser v\u00e5rdbemanningsf\u00f6retag.<\/p>\n\n\n\n<p>Vill du veta mer om hur v\u00e5rdbemanningsf\u00f6retag bidrar till v\u00e5rden ska du l\u00e4sa h\u00e4r, i <a href=\"https:\/\/www.almega.se\/app\/uploads\/sites\/5\/2022\/09\/broschyr-tio-fakta-om-varden.pdf\" target=\"_blank\" rel=\"noopener\">Tio fakta om inhyrd v\u00e5rdpersonal<\/a><\/p>\n","protected":false},"excerpt":{"rendered":"<p>Orsakerna till inhyrning i v\u00e5rden \u00e4r m\u00e5nga och skiftande. Ofta handlar det om geografiska parametrar. Det \u00e4r sv\u00e5rt att rekrytera specialistl\u00e4kare och sjuksk\u00f6terskor till fasta tj\u00e4nster p\u00e5 en m\u00e4ngd orter i landet. Dessutom kan det &hellip;<\/p>\n","protected":false},"author":6358,"featured_media":10528,"comment_status":"closed","ping_status":"closed","sticky":false,"template":"","format":"standard","meta":{"_acf_changed":false,"footnotes":""},"categories":[5],"tags":[],"article_type":[8],"agreement":[],"for-members":[],"class_list":["post-10527","post","type-post","status-publish","format-standard","has-post-thumbnail","hentry","category-vard","type-aktuellt"],"acf":[],"yoast_head":"<!-- This site is optimized with the Yoast SEO Premium plugin v26.8 (Yoast SEO v26.8) - https:\/\/yoast.com\/product\/yoast-seo-premium-wordpress\/ -->\n<title>Tio fakta om v\u00e5rdbemanning<\/title>\n<meta name=\"description\" content=\"H\u00e4r hittar du tio fakta om v\u00e5rdbemanning som du kanske inte hade koll p\u00e5. Vet du att kompetensbrist och naturlig fr\u00e5nvaro skapar behov av inhyrning?\" \/>\n<meta name=\"robots\" content=\"index, follow, max-snippet:-1, max-image-preview:large, max-video-preview:-1\" \/>\n<link rel=\"canonical\" href=\"https:\/\/www.kompetensforetagen.se\/2022\/12\/tio-fakta-om-vardbemanning\/\" \/>\n<meta property=\"og:locale\" content=\"sv_SE\" \/>\n<meta property=\"og:type\" content=\"article\" \/>\n<meta property=\"og:title\" content=\"Tillsammans f\u00f6r b\u00e4ttre v\u00e5rd - 10 fakta om v\u00e5rdbemanning\" \/>\n<meta property=\"og:description\" content=\"H\u00e4r hittar du tio fakta om v\u00e5rdbemanning som du kanske inte hade koll p\u00e5. Vet du att kompetensbrist och naturlig fr\u00e5nvaro skapar behov av inhyrning?\" \/>\n<meta property=\"og:url\" content=\"https:\/\/www.kompetensforetagen.se\/2022\/12\/tio-fakta-om-vardbemanning\/\" \/>\n<meta property=\"og:site_name\" content=\"Kompetensf\u00f6retagen\" \/>\n<meta property=\"article:published_time\" content=\"2022-12-19T13:53:01+00:00\" \/>\n<meta property=\"article:modified_time\" content=\"2023-07-13T14:07:15+00:00\" \/>\n<meta property=\"og:image\" content=\"https:\/\/www.kompetensforetagen.se\/app\/uploads\/sites\/5\/2020\/03\/skarmbild-2022-12-19-095135.png\" \/>\n\t<meta property=\"og:image:width\" content=\"787\" \/>\n\t<meta property=\"og:image:height\" content=\"1115\" \/>\n\t<meta property=\"og:image:type\" content=\"image\/png\" \/>\n<meta name=\"twitter:card\" content=\"summary_large_image\" \/>\n<meta name=\"twitter:label1\" content=\"Skriven av\" \/>\n\t<meta name=\"twitter:data1\" content=\"\" \/>\n\t<meta name=\"twitter:label2\" content=\"Ber\u00e4knad l\u00e4stid\" \/>\n\t<meta name=\"twitter:data2\" content=\"2 minuter\" \/>\n<!-- \/ Yoast SEO Premium plugin. -->","yoast_head_json":{"title":"Tio fakta om v\u00e5rdbemanning","description":"H\u00e4r hittar du tio fakta om v\u00e5rdbemanning som du kanske inte hade koll p\u00e5. Vet du att kompetensbrist och naturlig fr\u00e5nvaro skapar behov av inhyrning?","robots":{"index":"index","follow":"follow","max-snippet":"max-snippet:-1","max-image-preview":"max-image-preview:large","max-video-preview":"max-video-preview:-1"},"canonical":"https:\/\/www.kompetensforetagen.se\/2022\/12\/tio-fakta-om-vardbemanning\/","og_locale":"sv_SE","og_type":"article","og_title":"Tillsammans f\u00f6r b\u00e4ttre v\u00e5rd - 10 fakta om v\u00e5rdbemanning","og_description":"H\u00e4r hittar du tio fakta om v\u00e5rdbemanning som du kanske inte hade koll p\u00e5. Vet du att kompetensbrist och naturlig fr\u00e5nvaro skapar behov av inhyrning?","og_url":"https:\/\/www.kompetensforetagen.se\/2022\/12\/tio-fakta-om-vardbemanning\/","og_site_name":"Kompetensf\u00f6retagen","article_published_time":"2022-12-19T13:53:01+00:00","article_modified_time":"2023-07-13T14:07:15+00:00","og_image":[{"width":787,"height":1115,"url":"https:\/\/www.kompetensforetagen.se\/app\/uploads\/sites\/5\/2020\/03\/skarmbild-2022-12-19-095135.png","type":"image\/png"}],"twitter_card":"summary_large_image","twitter_misc":{"Skriven av":"","Ber\u00e4knad l\u00e4stid":"2 minuter"},"schema":{"@context":"https:\/\/schema.org","@graph":[{"@type":"Article","@id":"https:\/\/www.kompetensforetagen.se\/2022\/12\/tio-fakta-om-vardbemanning\/#article","isPartOf":{"@id":"https:\/\/www.kompetensforetagen.se\/2022\/12\/tio-fakta-om-vardbemanning\/"},"author":{"name":"","@id":""},"headline":"Tillsammans f\u00f6r b\u00e4ttre v\u00e5rd &#8211; 10 fakta om v\u00e5rdbemanning","datePublished":"2022-12-19T13:53:01+00:00","dateModified":"2023-07-13T14:07:15+00:00","mainEntityOfPage":{"@id":"https:\/\/www.kompetensforetagen.se\/2022\/12\/tio-fakta-om-vardbemanning\/"},"wordCount":263,"publisher":{"@id":"https:\/\/www.kompetensforetagen.se\/#organization"},"image":{"@id":"https:\/\/www.kompetensforetagen.se\/2022\/12\/tio-fakta-om-vardbemanning\/#primaryimage"},"thumbnailUrl":"https:\/\/www.kompetensforetagen.se\/app\/uploads\/sites\/5\/2020\/03\/skarmbild-2022-12-19-095135.png","articleSection":["V\u00e5rdbemanning"],"inLanguage":"sv-SE"},{"@type":"WebPage","@id":"https:\/\/www.kompetensforetagen.se\/2022\/12\/tio-fakta-om-vardbemanning\/","url":"https:\/\/www.kompetensforetagen.se\/2022\/12\/tio-fakta-om-vardbemanning\/","name":"Tio fakta om v\u00e5rdbemanning","isPartOf":{"@id":"https:\/\/www.kompetensforetagen.se\/#website"},"primaryImageOfPage":{"@id":"https:\/\/www.kompetensforetagen.se\/2022\/12\/tio-fakta-om-vardbemanning\/#primaryimage"},"image":{"@id":"https:\/\/www.kompetensforetagen.se\/2022\/12\/tio-fakta-om-vardbemanning\/#primaryimage"},"thumbnailUrl":"https:\/\/www.kompetensforetagen.se\/app\/uploads\/sites\/5\/2020\/03\/skarmbild-2022-12-19-095135.png","datePublished":"2022-12-19T13:53:01+00:00","dateModified":"2023-07-13T14:07:15+00:00","description":"H\u00e4r hittar du tio fakta om v\u00e5rdbemanning som du kanske inte hade koll p\u00e5. Vet du att kompetensbrist och naturlig fr\u00e5nvaro skapar behov av inhyrning?","breadcrumb":{"@id":"https:\/\/www.kompetensforetagen.se\/2022\/12\/tio-fakta-om-vardbemanning\/#breadcrumb"},"inLanguage":"sv-SE","potentialAction":[{"@type":"ReadAction","target":["https:\/\/www.kompetensforetagen.se\/2022\/12\/tio-fakta-om-vardbemanning\/"]}]},{"@type":"ImageObject","inLanguage":"sv-SE","@id":"https:\/\/www.kompetensforetagen.se\/2022\/12\/tio-fakta-om-vardbemanning\/#primaryimage","url":"https:\/\/www.kompetensforetagen.se\/app\/uploads\/sites\/5\/2020\/03\/skarmbild-2022-12-19-095135.png","contentUrl":"https:\/\/www.kompetensforetagen.se\/app\/uploads\/sites\/5\/2020\/03\/skarmbild-2022-12-19-095135.png","width":787,"height":1115,"caption":"rapportframsida 10 fakta om v\u00e5rdbemanning"},{"@type":"BreadcrumbList","@id":"https:\/\/www.kompetensforetagen.se\/2022\/12\/tio-fakta-om-vardbemanning\/#breadcrumb","itemListElement":[{"@type":"ListItem","position":1,"name":"Home","item":"https:\/\/www.kompetensforetagen.se\/"},{"@type":"ListItem","position":2,"name":"Tillsammans f\u00f6r b\u00e4ttre v\u00e5rd &#8211; 10 fakta om v\u00e5rdbemanning"}]},{"@type":"WebSite","@id":"https:\/\/www.kompetensforetagen.se\/#website","url":"https:\/\/www.kompetensforetagen.se\/","name":"Kompetensf\u00f6retagen","description":"R\u00e4tt person p\u00e5 r\u00e4tt plats kan f\u00f6r\u00e4ndra v\u00e4rlden","publisher":{"@id":"https:\/\/www.kompetensforetagen.se\/#organization"},"potentialAction":[{"@type":"SearchAction","target":{"@type":"EntryPoint","urlTemplate":"https:\/\/www.kompetensforetagen.se\/?s={search_term_string}"},"query-input":{"@type":"PropertyValueSpecification","valueRequired":true,"valueName":"search_term_string"}}],"inLanguage":"sv-SE"},{"@type":"Organization","@id":"https:\/\/www.kompetensforetagen.se\/#organization","name":"Kompetensf\u00f6retagen","url":"https:\/\/www.kompetensforetagen.se\/","logo":{"@type":"ImageObject","inLanguage":"sv-SE","@id":"https:\/\/www.kompetensforetagen.se\/#\/schema\/logo\/image\/","url":"https:\/\/www.kompetensforetagen.se\/app\/uploads\/sites\/5\/2022\/10\/logga_svart.png","contentUrl":"https:\/\/www.kompetensforetagen.se\/app\/uploads\/sites\/5\/2022\/10\/logga_svart.png","width":752,"height":64,"caption":"Kompetensf\u00f6retagen"},"image":{"@id":"https:\/\/www.kompetensforetagen.se\/#\/schema\/logo\/image\/"},"sameAs":["https:\/\/www.linkedin.com\/company\/10540032\/"]},{"@type":"Person","@id":"","url":"https:\/\/www.kompetensforetagen.se\/person\/"}]}},"_links":{"self":[{"href":"https:\/\/www.kompetensforetagen.se\/api\/wp\/v2\/posts\/10527","targetHints":{"allow":["GET"]}}],"collection":[{"href":"https:\/\/www.kompetensforetagen.se\/api\/wp\/v2\/posts"}],"about":[{"href":"https:\/\/www.kompetensforetagen.se\/api\/wp\/v2\/types\/post"}],"author":[{"embeddable":true,"href":"https:\/\/www.kompetensforetagen.se\/api\/wp\/v2\/users\/6358"}],"replies":[{"embeddable":true,"href":"https:\/\/www.kompetensforetagen.se\/api\/wp\/v2\/comments?post=10527"}],"version-history":[{"count":2,"href":"https:\/\/www.kompetensforetagen.se\/api\/wp\/v2\/posts\/10527\/revisions"}],"predecessor-version":[{"id":14654,"href":"https:\/\/www.kompetensforetagen.se\/api\/wp\/v2\/posts\/10527\/revisions\/14654"}],"wp:featuredmedia":[{"embeddable":true,"href":"https:\/\/www.kompetensforetagen.se\/api\/wp\/v2\/media\/10528"}],"wp:attachment":[{"href":"https:\/\/www.kompetensforetagen.se\/api\/wp\/v2\/media?parent=10527"}],"wp:term":[{"taxonomy":"category","embeddable":true,"href":"https:\/\/www.kompetensforetagen.se\/api\/wp\/v2\/categories?post=10527"},{"taxonomy":"post_tag","embeddable":true,"href":"https:\/\/www.kompetensforetagen.se\/api\/wp\/v2\/tags?post=10527"},{"taxonomy":"type","embeddable":true,"href":"https:\/\/www.kompetensforetagen.se\/api\/wp\/v2\/article_type?post=10527"},{"taxonomy":"agreement","embeddable":true,"href":"https:\/\/www.kompetensforetagen.se\/api\/wp\/v2\/agreement?post=10527"},{"taxonomy":"for-members","embeddable":true,"href":"https:\/\/www.kompetensforetagen.se\/api\/wp\/v2\/for-members?post=10527"}],"curies":[{"name":"wp","href":"https:\/\/api.w.org\/{rel}","templated":true}]}}