{"id":10494,"date":"2023-01-11T11:24:53","date_gmt":"2023-01-11T10:24:53","guid":{"rendered":"https:\/\/www.kompetensforetagen.se\/?p=10494"},"modified":"2023-03-22T12:04:05","modified_gmt":"2023-03-22T11:04:05","slug":"informationsfilm-om-nytt-delpensionssystem","status":"publish","type":"post","link":"https:\/\/www.kompetensforetagen.se\/2023\/01\/informationsfilm-om-nytt-delpensionssystem\/","title":{"rendered":"Informationsfilm om nytt del&shy;pensionssystem"},"content":{"rendered":"\n<p>Fr\u00e5n och med 1 januari 2023 b\u00f6rjar ett nytt delpensionssystem g\u00e4lla f\u00f6r anst\u00e4llda p\u00e5 <a href=\"https:\/\/www.kompetensforetagen.se\/medlemskap\/kollektivavtal\/\" target=\"_blank\" rel=\"noopener\">Bemanningsavtalet f\u00f6r arbetare<\/a>.<\/p>\n\n\n\n<p>Det nya delpensionssystemet inneb\u00e4r i korthet att arbetstagares delpensionsavs\u00e4ttning vid arbetad tid hos kund f\u00f6ljer av&nbsp;<em>kundens centrala kollektivavtal.<\/em>&nbsp; F\u00f6r all \u00f6vrig tid g\u00e4ller vidare delpensionsavs\u00e4ttning om 0,4 procent. Det \u00e4r en stor f\u00f6r\u00e4ndring som b\u00e5de arbetsgivare och systemleverant\u00f6rer av aff\u00e4rssystem som hanterar delpensionsavs\u00e4ttning beh\u00f6ver k\u00e4nna till.<\/p>\n\n\n\n<p>Det nya delpensionssystemet inneb\u00e4r ocks\u00e5 en f\u00f6r\u00e4ndring av&nbsp;<a href=\"https:\/\/www.kompetensforetagen.se\/gfl\/\" target=\"_blank\" rel=\"noopener\">GFL (genomsnittligt f\u00f6rtj\u00e4nstl\u00e4ge)<\/a> p\u00e5 s\u00e5 vis att delpension fr\u00e5n 1\/1 2023 kommer att ing\u00e5 som en del av GFL.<\/p>\n\n\n\n<p>Tillsammans med <a href=\"https:\/\/www.fora.se\/\" target=\"_blank\" rel=\"noopener\">Fora<\/a> gav Kompetensf\u00f6retagen ett webbinarium den 14 november med information om det nya systemet, som ocks\u00e5 spelades in. Du som \u00e4r medlem kan, i inloggat l\u00e4ge, <a href=\"https:\/\/www.kompetensforetagen.se\/2022\/11\/webbinarium-om-deltidspension\/\" target=\"_blank\" rel=\"noopener\">ta del av filmen.<\/a><\/p>\n\n\n\n<p><a href=\"https:\/\/www.kompetensforetagen.se\/medlemssidor\/delpension\/\" target=\"_blank\" rel=\"noopener\">L\u00e4s mer om det nya delpensionssystemet.&nbsp;<\/a><\/p>\n","protected":false},"excerpt":{"rendered":"<p>Fr\u00e5n och med 1 januari 2023 b\u00f6rjar ett nytt delpensionssystem g\u00e4lla f\u00f6r anst\u00e4llda p\u00e5 Bemanningsavtalet f\u00f6r arbetare. Det nya delpensionssystemet inneb\u00e4r i korthet att arbetstagares delpensionsavs\u00e4ttning vid arbetad tid hos kund f\u00f6ljer av&nbsp;kundens centrala kollektivavtal.&nbsp; &hellip;<\/p>\n","protected":false},"author":6358,"featured_media":8966,"comment_status":"closed","ping_status":"closed","sticky":false,"template":"","format":"standard","meta":{"_acf_changed":false,"footnotes":""},"categories":[166],"tags":[],"article_type":[8],"agreement":[],"for-members":[],"class_list":["post-10494","post","type-post","status-publish","format-standard","has-post-thumbnail","hentry","category-kollektivavtal","type-aktuellt"],"acf":[],"yoast_head":"<!-- This site is optimized with the Yoast SEO Premium plugin v26.8 (Yoast SEO v26.8) - https:\/\/yoast.com\/product\/yoast-seo-premium-wordpress\/ -->\n<title>Informationsfilm om nytt delpensionssystem I Kompetensf\u00f6retagen<\/title>\n<meta name=\"description\" content=\"H\u00e4r kan du se en informationsfilm om nytt delpensionssystem p\u00e5 Bemanningsavtalet f\u00f6r arbetare som g\u00e4ller fr\u00e5n och med 1\/1 2023.\" \/>\n<meta name=\"robots\" content=\"index, follow, max-snippet:-1, max-image-preview:large, max-video-preview:-1\" \/>\n<link rel=\"canonical\" href=\"https:\/\/www.kompetensforetagen.se\/2023\/01\/informationsfilm-om-nytt-delpensionssystem\/\" \/>\n<meta property=\"og:locale\" content=\"sv_SE\" \/>\n<meta property=\"og:type\" content=\"article\" \/>\n<meta property=\"og:title\" content=\"Informationsfilm om nytt delpensionssystem\" \/>\n<meta property=\"og:description\" content=\"H\u00e4r kan du se en informationsfilm om nytt delpensionssystem p\u00e5 Bemanningsavtalet f\u00f6r arbetare som g\u00e4ller fr\u00e5n och med 1\/1 2023.\" \/>\n<meta property=\"og:url\" content=\"https:\/\/www.kompetensforetagen.se\/2023\/01\/informationsfilm-om-nytt-delpensionssystem\/\" \/>\n<meta property=\"og:site_name\" content=\"Kompetensf\u00f6retagen\" \/>\n<meta property=\"article:published_time\" content=\"2023-01-11T10:24:53+00:00\" \/>\n<meta property=\"article:modified_time\" content=\"2023-03-22T11:04:05+00:00\" \/>\n<meta property=\"og:image\" content=\"https:\/\/www.kompetensforetagen.se\/app\/uploads\/sites\/5\/2022\/02\/gettyimages-1191073195-scaled.jpg\" \/>\n\t<meta property=\"og:image:width\" content=\"2560\" \/>\n\t<meta property=\"og:image:height\" content=\"853\" \/>\n\t<meta property=\"og:image:type\" content=\"image\/jpeg\" \/>\n<meta name=\"twitter:card\" content=\"summary_large_image\" \/>\n<meta name=\"twitter:label1\" content=\"Skriven av\" \/>\n\t<meta name=\"twitter:data1\" content=\"\" \/>\n\t<meta name=\"twitter:label2\" content=\"Ber\u00e4knad l\u00e4stid\" \/>\n\t<meta name=\"twitter:data2\" content=\"1 minut\" \/>\n<!-- \/ Yoast SEO Premium plugin. -->","yoast_head_json":{"title":"Informationsfilm om nytt delpensionssystem I Kompetensf\u00f6retagen","description":"H\u00e4r kan du se en informationsfilm om nytt delpensionssystem p\u00e5 Bemanningsavtalet f\u00f6r arbetare som g\u00e4ller fr\u00e5n och med 1\/1 2023.","robots":{"index":"index","follow":"follow","max-snippet":"max-snippet:-1","max-image-preview":"max-image-preview:large","max-video-preview":"max-video-preview:-1"},"canonical":"https:\/\/www.kompetensforetagen.se\/2023\/01\/informationsfilm-om-nytt-delpensionssystem\/","og_locale":"sv_SE","og_type":"article","og_title":"Informationsfilm om nytt delpensionssystem","og_description":"H\u00e4r kan du se en informationsfilm om nytt delpensionssystem p\u00e5 Bemanningsavtalet f\u00f6r arbetare som g\u00e4ller fr\u00e5n och med 1\/1 2023.","og_url":"https:\/\/www.kompetensforetagen.se\/2023\/01\/informationsfilm-om-nytt-delpensionssystem\/","og_site_name":"Kompetensf\u00f6retagen","article_published_time":"2023-01-11T10:24:53+00:00","article_modified_time":"2023-03-22T11:04:05+00:00","og_image":[{"width":2560,"height":853,"url":"https:\/\/www.kompetensforetagen.se\/app\/uploads\/sites\/5\/2022\/02\/gettyimages-1191073195-scaled.jpg","type":"image\/jpeg"}],"twitter_card":"summary_large_image","twitter_misc":{"Skriven av":"","Ber\u00e4knad l\u00e4stid":"1 minut"},"schema":{"@context":"https:\/\/schema.org","@graph":[{"@type":"Article","@id":"https:\/\/www.kompetensforetagen.se\/2023\/01\/informationsfilm-om-nytt-delpensionssystem\/#article","isPartOf":{"@id":"https:\/\/www.kompetensforetagen.se\/2023\/01\/informationsfilm-om-nytt-delpensionssystem\/"},"author":{"name":"","@id":""},"headline":"Informationsfilm om nytt del&shy;pensionssystem","datePublished":"2023-01-11T10:24:53+00:00","dateModified":"2023-03-22T11:04:05+00:00","mainEntityOfPage":{"@id":"https:\/\/www.kompetensforetagen.se\/2023\/01\/informationsfilm-om-nytt-delpensionssystem\/"},"wordCount":161,"publisher":{"@id":"https:\/\/www.kompetensforetagen.se\/#organization"},"image":{"@id":"https:\/\/www.kompetensforetagen.se\/2023\/01\/informationsfilm-om-nytt-delpensionssystem\/#primaryimage"},"thumbnailUrl":"https:\/\/www.kompetensforetagen.se\/app\/uploads\/sites\/5\/2022\/02\/gettyimages-1191073195-scaled.jpg","articleSection":["Kollektivavtal"],"inLanguage":"sv-SE"},{"@type":"WebPage","@id":"https:\/\/www.kompetensforetagen.se\/2023\/01\/informationsfilm-om-nytt-delpensionssystem\/","url":"https:\/\/www.kompetensforetagen.se\/2023\/01\/informationsfilm-om-nytt-delpensionssystem\/","name":"Informationsfilm om nytt delpensionssystem I Kompetensf\u00f6retagen","isPartOf":{"@id":"https:\/\/www.kompetensforetagen.se\/#website"},"primaryImageOfPage":{"@id":"https:\/\/www.kompetensforetagen.se\/2023\/01\/informationsfilm-om-nytt-delpensionssystem\/#primaryimage"},"image":{"@id":"https:\/\/www.kompetensforetagen.se\/2023\/01\/informationsfilm-om-nytt-delpensionssystem\/#primaryimage"},"thumbnailUrl":"https:\/\/www.kompetensforetagen.se\/app\/uploads\/sites\/5\/2022\/02\/gettyimages-1191073195-scaled.jpg","datePublished":"2023-01-11T10:24:53+00:00","dateModified":"2023-03-22T11:04:05+00:00","description":"H\u00e4r kan du se en informationsfilm om nytt delpensionssystem p\u00e5 Bemanningsavtalet f\u00f6r arbetare som g\u00e4ller fr\u00e5n och med 1\/1 2023.","breadcrumb":{"@id":"https:\/\/www.kompetensforetagen.se\/2023\/01\/informationsfilm-om-nytt-delpensionssystem\/#breadcrumb"},"inLanguage":"sv-SE","potentialAction":[{"@type":"ReadAction","target":["https:\/\/www.kompetensforetagen.se\/2023\/01\/informationsfilm-om-nytt-delpensionssystem\/"]}]},{"@type":"ImageObject","inLanguage":"sv-SE","@id":"https:\/\/www.kompetensforetagen.se\/2023\/01\/informationsfilm-om-nytt-delpensionssystem\/#primaryimage","url":"https:\/\/www.kompetensforetagen.se\/app\/uploads\/sites\/5\/2022\/02\/gettyimages-1191073195-scaled.jpg","contentUrl":"https:\/\/www.kompetensforetagen.se\/app\/uploads\/sites\/5\/2022\/02\/gettyimages-1191073195-scaled.jpg","width":2560,"height":853,"caption":"Engineer or architect teamwork working on construction project with building model and blueprint in office. Construction concept."},{"@type":"BreadcrumbList","@id":"https:\/\/www.kompetensforetagen.se\/2023\/01\/informationsfilm-om-nytt-delpensionssystem\/#breadcrumb","itemListElement":[{"@type":"ListItem","position":1,"name":"Home","item":"https:\/\/www.kompetensforetagen.se\/"},{"@type":"ListItem","position":2,"name":"Informationsfilm om nytt del&shy;pensionssystem"}]},{"@type":"WebSite","@id":"https:\/\/www.kompetensforetagen.se\/#website","url":"https:\/\/www.kompetensforetagen.se\/","name":"Kompetensf\u00f6retagen","description":"R\u00e4tt person p\u00e5 r\u00e4tt plats kan f\u00f6r\u00e4ndra v\u00e4rlden","publisher":{"@id":"https:\/\/www.kompetensforetagen.se\/#organization"},"potentialAction":[{"@type":"SearchAction","target":{"@type":"EntryPoint","urlTemplate":"https:\/\/www.kompetensforetagen.se\/?s={search_term_string}"},"query-input":{"@type":"PropertyValueSpecification","valueRequired":true,"valueName":"search_term_string"}}],"inLanguage":"sv-SE"},{"@type":"Organization","@id":"https:\/\/www.kompetensforetagen.se\/#organization","name":"Kompetensf\u00f6retagen","url":"https:\/\/www.kompetensforetagen.se\/","logo":{"@type":"ImageObject","inLanguage":"sv-SE","@id":"https:\/\/www.kompetensforetagen.se\/#\/schema\/logo\/image\/","url":"https:\/\/www.kompetensforetagen.se\/app\/uploads\/sites\/5\/2022\/10\/logga_svart.png","contentUrl":"https:\/\/www.kompetensforetagen.se\/app\/uploads\/sites\/5\/2022\/10\/logga_svart.png","width":752,"height":64,"caption":"Kompetensf\u00f6retagen"},"image":{"@id":"https:\/\/www.kompetensforetagen.se\/#\/schema\/logo\/image\/"},"sameAs":["https:\/\/www.linkedin.com\/company\/10540032\/"]},{"@type":"Person","@id":"","url":"https:\/\/www.kompetensforetagen.se\/person\/"}]}},"_links":{"self":[{"href":"https:\/\/www.kompetensforetagen.se\/api\/wp\/v2\/posts\/10494","targetHints":{"allow":["GET"]}}],"collection":[{"href":"https:\/\/www.kompetensforetagen.se\/api\/wp\/v2\/posts"}],"about":[{"href":"https:\/\/www.kompetensforetagen.se\/api\/wp\/v2\/types\/post"}],"author":[{"embeddable":true,"href":"https:\/\/www.kompetensforetagen.se\/api\/wp\/v2\/users\/6358"}],"replies":[{"embeddable":true,"href":"https:\/\/www.kompetensforetagen.se\/api\/wp\/v2\/comments?post=10494"}],"version-history":[{"count":1,"href":"https:\/\/www.kompetensforetagen.se\/api\/wp\/v2\/posts\/10494\/revisions"}],"predecessor-version":[{"id":11576,"href":"https:\/\/www.kompetensforetagen.se\/api\/wp\/v2\/posts\/10494\/revisions\/11576"}],"wp:featuredmedia":[{"embeddable":true,"href":"https:\/\/www.kompetensforetagen.se\/api\/wp\/v2\/media\/8966"}],"wp:attachment":[{"href":"https:\/\/www.kompetensforetagen.se\/api\/wp\/v2\/media?parent=10494"}],"wp:term":[{"taxonomy":"category","embeddable":true,"href":"https:\/\/www.kompetensforetagen.se\/api\/wp\/v2\/categories?post=10494"},{"taxonomy":"post_tag","embeddable":true,"href":"https:\/\/www.kompetensforetagen.se\/api\/wp\/v2\/tags?post=10494"},{"taxonomy":"type","embeddable":true,"href":"https:\/\/www.kompetensforetagen.se\/api\/wp\/v2\/article_type?post=10494"},{"taxonomy":"agreement","embeddable":true,"href":"https:\/\/www.kompetensforetagen.se\/api\/wp\/v2\/agreement?post=10494"},{"taxonomy":"for-members","embeddable":true,"href":"https:\/\/www.kompetensforetagen.se\/api\/wp\/v2\/for-members?post=10494"}],"curies":[{"name":"wp","href":"https:\/\/api.w.org\/{rel}","templated":true}]}}