{"id":10429,"date":"2023-12-21T11:46:05","date_gmt":"2023-12-21T10:46:05","guid":{"rendered":"https:\/\/www.kompetensforetagen.se\/?p=10429"},"modified":"2024-02-02T15:30:38","modified_gmt":"2024-02-02T14:30:38","slug":"sa-begransades-inhyrning-i-uthyrningslagen","status":"publish","type":"post","link":"https:\/\/www.kompetensforetagen.se\/2023\/12\/sa-begransades-inhyrning-i-uthyrningslagen\/","title":{"rendered":"S\u00e5 begr\u00e4nsades inhyrning i uthyrningslagen"},"content":{"rendered":"\n<p>Den svenska modellen bygger p\u00e5 att parterna, arbetsgivar- och fackf\u00f6rbund, tar gemensamt ansvar f\u00f6r arbetsmarknadens fr\u00e5gor. Redan 2017 inleddes f\u00f6rhandlingar mellan LO och Svenskt N\u00e4ringsliv om reformer p\u00e5 arbetsmarknaden. De kunde inte enas om hur till exempel lagen om anst\u00e4llningsskydd (LAS) skulle uppdateras. I och med <a href=\"https:\/\/sv.wikipedia.org\/wiki\/Januariavtalet\" target=\"_blank\" rel=\"noreferrer noopener\">Januariavtalet <\/a>2019 sattes tryck fr\u00e5n politiskt h\u00e5ll p\u00e5 parterna att enas, med hot om lagstiftning i annat fall.<\/p>\n\n\n\n<p>Samtidigt arbetade parterna med att hitta en v\u00e4g fram\u00e5t. I januari 2020 tillsattes tre expertgrupper. Deras uppgift var att genomlysa omr\u00e5den som antingen arbetsgivar- eller fackf\u00f6rbund ville reformera kring systemen f\u00f6r anst\u00e4llningsskydd, omst\u00e4llning och arbetsl\u00f6shetsf\u00f6rs\u00e4kring. Expertgruppernas f\u00f6rslag l\u00e5g sedan till grund f\u00f6r f\u00f6rhandlingar mellan Svenskt N\u00e4ringsliv, PTK och LO.<\/p>\n\n\n\n<h3 class=\"wp-block-heading\">Inhyrning del av f\u00f6rslaget<\/h3>\n\n\n\n<p>I den del av f\u00f6rslaget som r\u00f6rde anst\u00e4llningsskydd ber\u00f6rdes bemanningsbranschen. I arbetet med denna del representerades Kompetensf\u00f6retagen av Almegas chefsjurist. Ett av f\u00f6rslagen var att kundf\u00f6retag m\u00e5ste erbjuda bemanningskonsulter att \u00f6verg\u00e5 i tillsvidareanst\u00e4llning hos kunden efter en viss period av inhyrning. Expertgruppen tog inte st\u00e4llning till hur l\u00e5ng inhyrningsperioden skulle vara.<\/p>\n\n\n\n<p>I korthet innebar expertgruppens f\u00f6rslag:<\/p>\n\n\n\n<ul class=\"wp-block-list\">\n<li>Tiden f\u00f6r inhyrning \u00e4r kopplad till konsulten<\/li>\n\n\n\n<li>Tiden f\u00f6r inhyrning ska vara sammanh\u00e4ngande och till samma driftst\u00e4lle<\/li>\n\n\n\n<li>Konsulten har r\u00e4tt att tacka nej, varvid inhyrningen kan fortg\u00e5 utan begr\u00e4nsning<\/li>\n\n\n\n<li>Om kundf\u00f6retaget v\u00e4ljer att inte erbjuda konsulten anst\u00e4llning ska en ers\u00e4ttning betalas ut till konsulten. Expertgruppens f\u00f6reslog att den skulle motsvara en m\u00e5nadsl\u00f6n<\/li>\n<\/ul>\n\n\n\n<p>Expertgruppen svarade inte p\u00e5 om det var m\u00f6jligt att lagstifta om begr\u00e4nsningen, utan l\u00e4mnade det till lagstiftaren att utreda.<\/p>\n\n\n\n<h3 class=\"wp-block-heading\">Inga m\u00f6jligheter att bestrida f\u00f6rslaget<\/h3>\n\n\n\n<p>Kompetensf\u00f6retagen unders\u00f6kte om det var i \u00f6verensst\u00e4mmelse med g\u00e4llande r\u00e4tt, som till exempel Bemanningsdirektivet, att begr\u00e4nsa branschen. Till f\u00f6ljd av ett fall i Italien tolkade EU-domstolen Bemanningsdirektivet s\u00e5, att alla medlemsstater m\u00e5ste se till att inhyrning av arbetstagare \u201dbeh\u00e5ller sin tillf\u00e4lliga karakt\u00e4r\u201d. Det innebar att det saknades grund f\u00f6r att h\u00e4vda att begr\u00e4nsningsf\u00f6rslaget stod i strid med lag eller direktiv.<\/p>\n\n\n\n<h3 class=\"wp-block-heading\">S\u00e5 begr\u00e4nsades inhyrning<\/h3>\n\n\n\n<p>Det f\u00e4rdiga resultatet fastslog st\u00f6rre delen av expertgruppens f\u00f6rslag, med undantag f\u00f6r att inhyrningstiden inte beh\u00f6vde vara sammanh\u00e4ngande. D\u00e4r best\u00e4mdes att i lagen  om uthyrning av arbetstagare <a href=\"https:\/\/www.riksdagen.se\/sv\/dokument-och-lagar\/dokument\/svensk-forfattningssamling\/lag-2012854-om-uthyrning-av-arbetstagare_sfs-2012-854\/\" target=\"_blank\" rel=\"noreferrer noopener\">(2012:854)<\/a> skulle inf\u00f6ras en regel om att konsulten ska erbjudas tillsvidareanst\u00e4llning hos kundf\u00f6retaget om i<a href=\"https:\/\/www.kompetensforetagen.se\/2023\/12\/vad-innebar-24-manadersregeln\/\">nhyrning p\u00e5g\u00e5tt sammanlagt 24 m\u00e5nader under en 36-m\u00e5naders period<\/a>. Om kundf\u00f6retaget v\u00e4ljer att inte erbjuda anst\u00e4llning ska konsulten ist\u00e4llet ers\u00e4ttas med tv\u00e5 m\u00e5nadsl\u00f6ner om hen \u00e4r tj\u00e4nsteman. F\u00f6r arbetare \u00e4r det ocks\u00e5 tv\u00e5 m\u00e5nadsl\u00f6ner om inte kundens kollektivavtal omfattas av det s\u00e5 kallade huvudavtalet, d\u00e5 ers\u00e4ttningen ska motsvara tre m\u00e5nadsl\u00f6ner.<\/p>\n\n\n\n<p>Kompetensf\u00f6retagen \u00e4r naturligtvis kritiska till alla regler som f\u00f6rs\u00e4mrar f\u00f6ruts\u00e4ttningarna f\u00f6r kunderna att hyra in personal. Denna regel riktar ansvaret helt mot inhyrande f\u00f6retag men f\u00e5r en negativ inverkan f\u00f6r alla.<\/p>\n","protected":false},"excerpt":{"rendered":"<p>Den svenska modellen bygger p\u00e5 att parterna, arbetsgivar- och fackf\u00f6rbund, tar gemensamt ansvar f\u00f6r arbetsmarknadens fr\u00e5gor. Redan 2017 inleddes f\u00f6rhandlingar mellan LO och Svenskt N\u00e4ringsliv om reformer p\u00e5 arbetsmarknaden. De kunde inte enas om hur &hellip;<\/p>\n","protected":false},"author":6358,"featured_media":16204,"comment_status":"closed","ping_status":"closed","sticky":false,"template":"","format":"standard","meta":{"_acf_changed":false,"footnotes":""},"categories":[247,199,217],"tags":[],"article_type":[210],"agreement":[],"for-members":[],"class_list":["post-10429","post","type-post","status-publish","format-standard","has-post-thumbnail","hentry","category-24-manadersregeln","category-historia","category-uthyrningslagen","type-fakta"],"acf":[],"yoast_head":"<!-- This site is optimized with the Yoast SEO Premium plugin v26.8 (Yoast SEO v26.8) - https:\/\/yoast.com\/product\/yoast-seo-premium-wordpress\/ -->\n<title>S\u00e5 begr\u00e4nsades inhyrning i uthyrningslagen<\/title>\n<meta name=\"description\" content=\"S\u00e5 begr\u00e4nsades inhyrning i uthyrningslagen- Begr\u00e4nsningen \u00e4r resultatet av l\u00e5ng process inom ramen f\u00f6r LAS-f\u00f6rhandlingarna.\" \/>\n<meta name=\"robots\" content=\"index, follow, max-snippet:-1, max-image-preview:large, max-video-preview:-1\" \/>\n<link rel=\"canonical\" href=\"https:\/\/www.kompetensforetagen.se\/2023\/12\/sa-begransades-inhyrning-i-uthyrningslagen\/\" \/>\n<meta property=\"og:locale\" content=\"sv_SE\" \/>\n<meta property=\"og:type\" content=\"article\" \/>\n<meta property=\"og:title\" content=\"S\u00e5 begr\u00e4nsades inhyrning i uthyrningslagen\" \/>\n<meta property=\"og:description\" content=\"S\u00e5 begr\u00e4nsades inhyrning i uthyrningslagen- Begr\u00e4nsningen \u00e4r resultatet av l\u00e5ng process inom ramen f\u00f6r LAS-f\u00f6rhandlingarna.\" \/>\n<meta property=\"og:url\" content=\"https:\/\/www.kompetensforetagen.se\/2023\/12\/sa-begransades-inhyrning-i-uthyrningslagen\/\" \/>\n<meta property=\"og:site_name\" content=\"Kompetensf\u00f6retagen\" \/>\n<meta property=\"article:published_time\" content=\"2023-12-21T10:46:05+00:00\" \/>\n<meta property=\"article:modified_time\" content=\"2024-02-02T14:30:38+00:00\" \/>\n<meta property=\"og:image\" content=\"https:\/\/www.kompetensforetagen.se\/app\/uploads\/sites\/5\/2022\/11\/pexels-alena-darmel-7641825-scaled.jpg\" \/>\n\t<meta property=\"og:image:width\" content=\"2560\" \/>\n\t<meta property=\"og:image:height\" content=\"1707\" \/>\n\t<meta property=\"og:image:type\" content=\"image\/jpeg\" \/>\n<meta name=\"twitter:card\" content=\"summary_large_image\" \/>\n<meta name=\"twitter:label1\" content=\"Skriven av\" \/>\n\t<meta name=\"twitter:data1\" content=\"\" \/>\n\t<meta name=\"twitter:label2\" content=\"Ber\u00e4knad l\u00e4stid\" \/>\n\t<meta name=\"twitter:data2\" content=\"3 minuter\" \/>\n<!-- \/ Yoast SEO Premium plugin. -->","yoast_head_json":{"title":"S\u00e5 begr\u00e4nsades inhyrning i uthyrningslagen","description":"S\u00e5 begr\u00e4nsades inhyrning i uthyrningslagen- Begr\u00e4nsningen \u00e4r resultatet av l\u00e5ng process inom ramen f\u00f6r LAS-f\u00f6rhandlingarna.","robots":{"index":"index","follow":"follow","max-snippet":"max-snippet:-1","max-image-preview":"max-image-preview:large","max-video-preview":"max-video-preview:-1"},"canonical":"https:\/\/www.kompetensforetagen.se\/2023\/12\/sa-begransades-inhyrning-i-uthyrningslagen\/","og_locale":"sv_SE","og_type":"article","og_title":"S\u00e5 begr\u00e4nsades inhyrning i uthyrningslagen","og_description":"S\u00e5 begr\u00e4nsades inhyrning i uthyrningslagen- Begr\u00e4nsningen \u00e4r resultatet av l\u00e5ng process inom ramen f\u00f6r LAS-f\u00f6rhandlingarna.","og_url":"https:\/\/www.kompetensforetagen.se\/2023\/12\/sa-begransades-inhyrning-i-uthyrningslagen\/","og_site_name":"Kompetensf\u00f6retagen","article_published_time":"2023-12-21T10:46:05+00:00","article_modified_time":"2024-02-02T14:30:38+00:00","og_image":[{"width":2560,"height":1707,"url":"https:\/\/www.kompetensforetagen.se\/app\/uploads\/sites\/5\/2022\/11\/pexels-alena-darmel-7641825-scaled.jpg","type":"image\/jpeg"}],"twitter_card":"summary_large_image","twitter_misc":{"Skriven av":"","Ber\u00e4knad l\u00e4stid":"3 minuter"},"schema":{"@context":"https:\/\/schema.org","@graph":[{"@type":"Article","@id":"https:\/\/www.kompetensforetagen.se\/2023\/12\/sa-begransades-inhyrning-i-uthyrningslagen\/#article","isPartOf":{"@id":"https:\/\/www.kompetensforetagen.se\/2023\/12\/sa-begransades-inhyrning-i-uthyrningslagen\/"},"author":{"name":"","@id":""},"headline":"S\u00e5 begr\u00e4nsades inhyrning i uthyrningslagen","datePublished":"2023-12-21T10:46:05+00:00","dateModified":"2024-02-02T14:30:38+00:00","mainEntityOfPage":{"@id":"https:\/\/www.kompetensforetagen.se\/2023\/12\/sa-begransades-inhyrning-i-uthyrningslagen\/"},"wordCount":543,"publisher":{"@id":"https:\/\/www.kompetensforetagen.se\/#organization"},"image":{"@id":"https:\/\/www.kompetensforetagen.se\/2023\/12\/sa-begransades-inhyrning-i-uthyrningslagen\/#primaryimage"},"thumbnailUrl":"https:\/\/www.kompetensforetagen.se\/app\/uploads\/sites\/5\/2022\/11\/pexels-alena-darmel-7641825-scaled.jpg","articleSection":["24-m\u00e5nadersregeln","Historia","Uthyrningslagen"],"inLanguage":"sv-SE"},{"@type":"WebPage","@id":"https:\/\/www.kompetensforetagen.se\/2023\/12\/sa-begransades-inhyrning-i-uthyrningslagen\/","url":"https:\/\/www.kompetensforetagen.se\/2023\/12\/sa-begransades-inhyrning-i-uthyrningslagen\/","name":"S\u00e5 begr\u00e4nsades inhyrning i uthyrningslagen","isPartOf":{"@id":"https:\/\/www.kompetensforetagen.se\/#website"},"primaryImageOfPage":{"@id":"https:\/\/www.kompetensforetagen.se\/2023\/12\/sa-begransades-inhyrning-i-uthyrningslagen\/#primaryimage"},"image":{"@id":"https:\/\/www.kompetensforetagen.se\/2023\/12\/sa-begransades-inhyrning-i-uthyrningslagen\/#primaryimage"},"thumbnailUrl":"https:\/\/www.kompetensforetagen.se\/app\/uploads\/sites\/5\/2022\/11\/pexels-alena-darmel-7641825-scaled.jpg","datePublished":"2023-12-21T10:46:05+00:00","dateModified":"2024-02-02T14:30:38+00:00","description":"S\u00e5 begr\u00e4nsades inhyrning i uthyrningslagen- Begr\u00e4nsningen \u00e4r resultatet av l\u00e5ng process inom ramen f\u00f6r LAS-f\u00f6rhandlingarna.","breadcrumb":{"@id":"https:\/\/www.kompetensforetagen.se\/2023\/12\/sa-begransades-inhyrning-i-uthyrningslagen\/#breadcrumb"},"inLanguage":"sv-SE","potentialAction":[{"@type":"ReadAction","target":["https:\/\/www.kompetensforetagen.se\/2023\/12\/sa-begransades-inhyrning-i-uthyrningslagen\/"]}]},{"@type":"ImageObject","inLanguage":"sv-SE","@id":"https:\/\/www.kompetensforetagen.se\/2023\/12\/sa-begransades-inhyrning-i-uthyrningslagen\/#primaryimage","url":"https:\/\/www.kompetensforetagen.se\/app\/uploads\/sites\/5\/2022\/11\/pexels-alena-darmel-7641825-scaled.jpg","contentUrl":"https:\/\/www.kompetensforetagen.se\/app\/uploads\/sites\/5\/2022\/11\/pexels-alena-darmel-7641825-scaled.jpg","width":2560,"height":1707},{"@type":"BreadcrumbList","@id":"https:\/\/www.kompetensforetagen.se\/2023\/12\/sa-begransades-inhyrning-i-uthyrningslagen\/#breadcrumb","itemListElement":[{"@type":"ListItem","position":1,"name":"Home","item":"https:\/\/www.kompetensforetagen.se\/"},{"@type":"ListItem","position":2,"name":"S\u00e5 begr\u00e4nsades inhyrning i uthyrningslagen"}]},{"@type":"WebSite","@id":"https:\/\/www.kompetensforetagen.se\/#website","url":"https:\/\/www.kompetensforetagen.se\/","name":"Kompetensf\u00f6retagen","description":"R\u00e4tt person p\u00e5 r\u00e4tt plats kan f\u00f6r\u00e4ndra v\u00e4rlden","publisher":{"@id":"https:\/\/www.kompetensforetagen.se\/#organization"},"potentialAction":[{"@type":"SearchAction","target":{"@type":"EntryPoint","urlTemplate":"https:\/\/www.kompetensforetagen.se\/?s={search_term_string}"},"query-input":{"@type":"PropertyValueSpecification","valueRequired":true,"valueName":"search_term_string"}}],"inLanguage":"sv-SE"},{"@type":"Organization","@id":"https:\/\/www.kompetensforetagen.se\/#organization","name":"Kompetensf\u00f6retagen","url":"https:\/\/www.kompetensforetagen.se\/","logo":{"@type":"ImageObject","inLanguage":"sv-SE","@id":"https:\/\/www.kompetensforetagen.se\/#\/schema\/logo\/image\/","url":"https:\/\/www.kompetensforetagen.se\/app\/uploads\/sites\/5\/2022\/10\/logga_svart.png","contentUrl":"https:\/\/www.kompetensforetagen.se\/app\/uploads\/sites\/5\/2022\/10\/logga_svart.png","width":752,"height":64,"caption":"Kompetensf\u00f6retagen"},"image":{"@id":"https:\/\/www.kompetensforetagen.se\/#\/schema\/logo\/image\/"},"sameAs":["https:\/\/www.linkedin.com\/company\/10540032\/"]},{"@type":"Person","@id":"","url":"https:\/\/www.kompetensforetagen.se\/person\/"}]}},"_links":{"self":[{"href":"https:\/\/www.kompetensforetagen.se\/api\/wp\/v2\/posts\/10429","targetHints":{"allow":["GET"]}}],"collection":[{"href":"https:\/\/www.kompetensforetagen.se\/api\/wp\/v2\/posts"}],"about":[{"href":"https:\/\/www.kompetensforetagen.se\/api\/wp\/v2\/types\/post"}],"author":[{"embeddable":true,"href":"https:\/\/www.kompetensforetagen.se\/api\/wp\/v2\/users\/6358"}],"replies":[{"embeddable":true,"href":"https:\/\/www.kompetensforetagen.se\/api\/wp\/v2\/comments?post=10429"}],"version-history":[{"count":6,"href":"https:\/\/www.kompetensforetagen.se\/api\/wp\/v2\/posts\/10429\/revisions"}],"predecessor-version":[{"id":16354,"href":"https:\/\/www.kompetensforetagen.se\/api\/wp\/v2\/posts\/10429\/revisions\/16354"}],"wp:featuredmedia":[{"embeddable":true,"href":"https:\/\/www.kompetensforetagen.se\/api\/wp\/v2\/media\/16204"}],"wp:attachment":[{"href":"https:\/\/www.kompetensforetagen.se\/api\/wp\/v2\/media?parent=10429"}],"wp:term":[{"taxonomy":"category","embeddable":true,"href":"https:\/\/www.kompetensforetagen.se\/api\/wp\/v2\/categories?post=10429"},{"taxonomy":"post_tag","embeddable":true,"href":"https:\/\/www.kompetensforetagen.se\/api\/wp\/v2\/tags?post=10429"},{"taxonomy":"type","embeddable":true,"href":"https:\/\/www.kompetensforetagen.se\/api\/wp\/v2\/article_type?post=10429"},{"taxonomy":"agreement","embeddable":true,"href":"https:\/\/www.kompetensforetagen.se\/api\/wp\/v2\/agreement?post=10429"},{"taxonomy":"for-members","embeddable":true,"href":"https:\/\/www.kompetensforetagen.se\/api\/wp\/v2\/for-members?post=10429"}],"curies":[{"name":"wp","href":"https:\/\/api.w.org\/{rel}","templated":true}]}}