{"id":10387,"date":"2022-11-14T14:48:12","date_gmt":"2022-11-14T13:48:12","guid":{"rendered":"https:\/\/www.kompetensforetagen.se\/?p=10387"},"modified":"2023-04-21T12:15:08","modified_gmt":"2023-04-21T10:15:08","slug":"positiv-tillvaxt-q3-och-tillforsikt-infor-framtiden","status":"publish","type":"post","link":"https:\/\/www.kompetensforetagen.se\/2022\/11\/positiv-tillvaxt-q3-och-tillforsikt-infor-framtiden\/","title":{"rendered":"Positiv tillv\u00e4xt Q3 och tillf\u00f6rsikt inf\u00f6r framtiden"},"content":{"rendered":"\n<p>Insamlingen av oms\u00e4ttningsuppgifter fr\u00e5n Kompetensf\u00f6retagens medlemsf\u00f6retag visar p\u00e5 en positiv tillv\u00e4xt med 17,6 procent under det tredje kvartalet 2022, j\u00e4mf\u00f6rt med samma period 2021. R\u00e4knat i kronor uppgick oms\u00e4ttningen under tredje kvartalet 2022 till 8,5 miljarder kronor.<\/p>\n\n\n\n<blockquote class=\"wp-block-quote is-layout-flow wp-block-quote-is-layout-flow\">\n<p> R\u00e4knat i kronor uppgick oms\u00e4ttningen under tredje kvartalet 2022 till 8,5 miljarder kronor<\/p>\n<\/blockquote>\n\n\n\n<p>Det var positiv tillv\u00e4xt f\u00f6r kompetensbranschen \u00f6ver hela landet under \u00e5rets tredje kvartal, j\u00e4mf\u00f6r med \u00e5ret innan. S\u00f6dra Sverige utvecklades starkast med en oms\u00e4ttnings\u00f6kning p\u00e5 29 procent j\u00e4mf\u00f6rt med tredje kvartalet 2021. Stockholm \u00f6kade med 27,5 procent. Den svagaste oms\u00e4ttningsutvecklingen finns i V\u00e4stra Sverige som \u00f6kade med 8,5 procent.<\/p>\n\n\n\n<p>Tj\u00e4nsteomr\u00e5det Bemanning \u00e4r fortfarande st\u00f6rst i branschen, med en oms\u00e4ttnings\u00f6kning p\u00e5 18,2 procent. Rekrytering \u00f6kade med 17,7 procent fr\u00e5n f\u00f6reg\u00e5ende \u00e5r, vilket \u00e4r positivt sett till att efterfr\u00e5gan p\u00e5 medarbetare i landet allts\u00e5 \u00f6kade. Att det var ett starkt kvartal f\u00f6r arbetsmarknaden visar sig \u00e4ven i att behovet i tj\u00e4nsteomr\u00e5det Omst\u00e4llning minskade, med 3,1 procent fr\u00e5n f\u00f6reg\u00e5ende \u00e5r.<\/p>\n\n\n\n<p>De till oms\u00e4ttningen st\u00f6rsta yrkesomr\u00e5dena under tredje kvartalet 2022 var Industri &amp; Tillverkning med 27 procent av oms\u00e4ttningen, Lager &amp; Logistik med 27 procent av oms\u00e4ttningen samt IT och Administration &amp; Service med 9 respektive 9 procent av oms\u00e4ttningen.<\/p>\n\n\n\n<blockquote class=\"wp-block-quote is-layout-flow wp-block-quote-is-layout-flow\">\n<p>Trots inflation och hotande l\u00e5gkonjunktur finns det allts\u00e5 framtidshopp p\u00e5 arbetsmarknaden<\/p>\n<\/blockquote>\n\n\n\n<h3 class=\"wp-block-heading\">Framtidsindikatorn f\u00f6rsiktigt positiv<\/h3>\n\n\n\n<p>Nytt f\u00f6r i \u00e5r \u00e4r att Kompetensf\u00f6retagen ber medlemmarna titta fram\u00e5t och redovisa vad de tror om framtiden. F\u00f6r det kommande kvartalet tror 45 procent av medlemmarna att utvecklingen kommer att vara positiv, och det kommande \u00e5ret \u00e4r det hela 56 procent som ger samma svar. Trots inflation och hotande l\u00e5gkonjunktur finns det allts\u00e5 framtidshopp p\u00e5 arbetsmarknaden.<\/p>\n\n\n\n<p><a href=\"https:\/\/www.almega.se\/app\/uploads\/sites\/5\/2022\/11\/kvartalsrapport_2022_q3.pdf\">L\u00e4s hela rapporten Q3 2022<\/a><\/p>\n\n\n\n<p>Via de h\u00e4r l\u00e4nkarna hittar du b\u00e5de nya och gamla topplistor f\u00f6r medlemsf\u00f6retagens oms\u00e4ttning; <a href=\"https:\/\/www.kompetensforetagen.se\/kompetensforetagens-rapporter-och-statistik\/kompetensforetagens-rapporter-och-statistik-2\/\" target=\"_blank\" rel=\"noopener\">Topp 25<\/a> och <a href=\"https:\/\/www.kompetensforetagen.se\/kompetensforetagens-rapporter-och-statistik\/kompetensforetagens-rapporter-och-statistik-2-2\/\">Topp 10<\/a>.<\/p>\n","protected":false},"excerpt":{"rendered":"<p>Insamlingen av oms\u00e4ttningsuppgifter fr\u00e5n Kompetensf\u00f6retagens medlemsf\u00f6retag visar p\u00e5 en positiv tillv\u00e4xt med 17,6 procent under det tredje kvartalet 2022, j\u00e4mf\u00f6rt med samma period 2021. R\u00e4knat i kronor uppgick oms\u00e4ttningen under tredje kvartalet 2022 till 8,5 &hellip;<\/p>\n","protected":false},"author":6358,"featured_media":10386,"comment_status":"closed","ping_status":"closed","sticky":false,"template":"","format":"standard","meta":{"_acf_changed":false,"footnotes":""},"categories":[15],"tags":[],"article_type":[8],"agreement":[],"for-members":[],"class_list":["post-10387","post","type-post","status-publish","format-standard","has-post-thumbnail","hentry","category-statistik","type-aktuellt"],"acf":[],"yoast_head":"<!-- This site is optimized with the Yoast SEO Premium plugin v26.8 (Yoast SEO v26.8) - https:\/\/yoast.com\/product\/yoast-seo-premium-wordpress\/ -->\n<title>Positiv tillv\u00e4xt Q3 och tillf\u00f6rsikt inf\u00f6r framtiden<\/title>\n<meta name=\"description\" content=\"Oms\u00e4ttningen under tredje kvartalet 2022 uppgick till 8,5 miljarder kronor f\u00f6r branschens medlemmar.\" \/>\n<meta name=\"robots\" content=\"index, follow, max-snippet:-1, max-image-preview:large, max-video-preview:-1\" \/>\n<link rel=\"canonical\" href=\"https:\/\/www.kompetensforetagen.se\/2022\/11\/positiv-tillvaxt-q3-och-tillforsikt-infor-framtiden\/\" \/>\n<meta property=\"og:locale\" content=\"sv_SE\" \/>\n<meta property=\"og:type\" content=\"article\" \/>\n<meta property=\"og:title\" content=\"Positiv tillv\u00e4xt Q3 och tillf\u00f6rsikt inf\u00f6r framtiden\" \/>\n<meta property=\"og:description\" content=\"Oms\u00e4ttningen under tredje kvartalet 2022 uppgick till 8,5 miljarder kronor f\u00f6r branschens medlemmar.\" \/>\n<meta property=\"og:url\" content=\"https:\/\/www.kompetensforetagen.se\/2022\/11\/positiv-tillvaxt-q3-och-tillforsikt-infor-framtiden\/\" \/>\n<meta property=\"og:site_name\" content=\"Kompetensf\u00f6retagen\" \/>\n<meta property=\"article:published_time\" content=\"2022-11-14T13:48:12+00:00\" \/>\n<meta property=\"article:modified_time\" content=\"2023-04-21T10:15:08+00:00\" \/>\n<meta property=\"og:image\" content=\"https:\/\/www.kompetensforetagen.se\/app\/uploads\/sites\/5\/2022\/11\/q3.png\" \/>\n\t<meta property=\"og:image:width\" content=\"913\" \/>\n\t<meta property=\"og:image:height\" content=\"620\" \/>\n\t<meta property=\"og:image:type\" content=\"image\/png\" \/>\n<meta name=\"twitter:card\" content=\"summary_large_image\" \/>\n<meta name=\"twitter:label1\" content=\"Skriven av\" \/>\n\t<meta name=\"twitter:data1\" content=\"\" \/>\n\t<meta name=\"twitter:label2\" content=\"Ber\u00e4knad l\u00e4stid\" \/>\n\t<meta name=\"twitter:data2\" content=\"2 minuter\" \/>\n<!-- \/ Yoast SEO Premium plugin. -->","yoast_head_json":{"title":"Positiv tillv\u00e4xt Q3 och tillf\u00f6rsikt inf\u00f6r framtiden","description":"Oms\u00e4ttningen under tredje kvartalet 2022 uppgick till 8,5 miljarder kronor f\u00f6r branschens medlemmar.","robots":{"index":"index","follow":"follow","max-snippet":"max-snippet:-1","max-image-preview":"max-image-preview:large","max-video-preview":"max-video-preview:-1"},"canonical":"https:\/\/www.kompetensforetagen.se\/2022\/11\/positiv-tillvaxt-q3-och-tillforsikt-infor-framtiden\/","og_locale":"sv_SE","og_type":"article","og_title":"Positiv tillv\u00e4xt Q3 och tillf\u00f6rsikt inf\u00f6r framtiden","og_description":"Oms\u00e4ttningen under tredje kvartalet 2022 uppgick till 8,5 miljarder kronor f\u00f6r branschens medlemmar.","og_url":"https:\/\/www.kompetensforetagen.se\/2022\/11\/positiv-tillvaxt-q3-och-tillforsikt-infor-framtiden\/","og_site_name":"Kompetensf\u00f6retagen","article_published_time":"2022-11-14T13:48:12+00:00","article_modified_time":"2023-04-21T10:15:08+00:00","og_image":[{"width":913,"height":620,"url":"https:\/\/www.kompetensforetagen.se\/app\/uploads\/sites\/5\/2022\/11\/q3.png","type":"image\/png"}],"twitter_card":"summary_large_image","twitter_misc":{"Skriven av":"","Ber\u00e4knad l\u00e4stid":"2 minuter"},"schema":{"@context":"https:\/\/schema.org","@graph":[{"@type":"Article","@id":"https:\/\/www.kompetensforetagen.se\/2022\/11\/positiv-tillvaxt-q3-och-tillforsikt-infor-framtiden\/#article","isPartOf":{"@id":"https:\/\/www.kompetensforetagen.se\/2022\/11\/positiv-tillvaxt-q3-och-tillforsikt-infor-framtiden\/"},"author":{"name":"","@id":""},"headline":"Positiv tillv\u00e4xt Q3 och tillf\u00f6rsikt inf\u00f6r framtiden","datePublished":"2022-11-14T13:48:12+00:00","dateModified":"2023-04-21T10:15:08+00:00","mainEntityOfPage":{"@id":"https:\/\/www.kompetensforetagen.se\/2022\/11\/positiv-tillvaxt-q3-och-tillforsikt-infor-framtiden\/"},"wordCount":335,"publisher":{"@id":"https:\/\/www.kompetensforetagen.se\/#organization"},"image":{"@id":"https:\/\/www.kompetensforetagen.se\/2022\/11\/positiv-tillvaxt-q3-och-tillforsikt-infor-framtiden\/#primaryimage"},"thumbnailUrl":"https:\/\/www.kompetensforetagen.se\/app\/uploads\/sites\/5\/2022\/11\/q3.png","articleSection":["Statistik"],"inLanguage":"sv-SE"},{"@type":"WebPage","@id":"https:\/\/www.kompetensforetagen.se\/2022\/11\/positiv-tillvaxt-q3-och-tillforsikt-infor-framtiden\/","url":"https:\/\/www.kompetensforetagen.se\/2022\/11\/positiv-tillvaxt-q3-och-tillforsikt-infor-framtiden\/","name":"Positiv tillv\u00e4xt Q3 och tillf\u00f6rsikt inf\u00f6r framtiden","isPartOf":{"@id":"https:\/\/www.kompetensforetagen.se\/#website"},"primaryImageOfPage":{"@id":"https:\/\/www.kompetensforetagen.se\/2022\/11\/positiv-tillvaxt-q3-och-tillforsikt-infor-framtiden\/#primaryimage"},"image":{"@id":"https:\/\/www.kompetensforetagen.se\/2022\/11\/positiv-tillvaxt-q3-och-tillforsikt-infor-framtiden\/#primaryimage"},"thumbnailUrl":"https:\/\/www.kompetensforetagen.se\/app\/uploads\/sites\/5\/2022\/11\/q3.png","datePublished":"2022-11-14T13:48:12+00:00","dateModified":"2023-04-21T10:15:08+00:00","description":"Oms\u00e4ttningen under tredje kvartalet 2022 uppgick till 8,5 miljarder kronor f\u00f6r branschens medlemmar.","breadcrumb":{"@id":"https:\/\/www.kompetensforetagen.se\/2022\/11\/positiv-tillvaxt-q3-och-tillforsikt-infor-framtiden\/#breadcrumb"},"inLanguage":"sv-SE","potentialAction":[{"@type":"ReadAction","target":["https:\/\/www.kompetensforetagen.se\/2022\/11\/positiv-tillvaxt-q3-och-tillforsikt-infor-framtiden\/"]}]},{"@type":"ImageObject","inLanguage":"sv-SE","@id":"https:\/\/www.kompetensforetagen.se\/2022\/11\/positiv-tillvaxt-q3-och-tillforsikt-infor-framtiden\/#primaryimage","url":"https:\/\/www.kompetensforetagen.se\/app\/uploads\/sites\/5\/2022\/11\/q3.png","contentUrl":"https:\/\/www.kompetensforetagen.se\/app\/uploads\/sites\/5\/2022\/11\/q3.png","width":913,"height":620,"caption":"Kvartalsrapport Q3\/2022 \u2013 ekonomisk \u00f6versikt f\u00f6r kompetensf\u00f6retagen."},{"@type":"BreadcrumbList","@id":"https:\/\/www.kompetensforetagen.se\/2022\/11\/positiv-tillvaxt-q3-och-tillforsikt-infor-framtiden\/#breadcrumb","itemListElement":[{"@type":"ListItem","position":1,"name":"Home","item":"https:\/\/www.kompetensforetagen.se\/"},{"@type":"ListItem","position":2,"name":"Positiv tillv\u00e4xt Q3 och tillf\u00f6rsikt inf\u00f6r framtiden"}]},{"@type":"WebSite","@id":"https:\/\/www.kompetensforetagen.se\/#website","url":"https:\/\/www.kompetensforetagen.se\/","name":"Kompetensf\u00f6retagen","description":"R\u00e4tt person p\u00e5 r\u00e4tt plats kan f\u00f6r\u00e4ndra v\u00e4rlden","publisher":{"@id":"https:\/\/www.kompetensforetagen.se\/#organization"},"potentialAction":[{"@type":"SearchAction","target":{"@type":"EntryPoint","urlTemplate":"https:\/\/www.kompetensforetagen.se\/?s={search_term_string}"},"query-input":{"@type":"PropertyValueSpecification","valueRequired":true,"valueName":"search_term_string"}}],"inLanguage":"sv-SE"},{"@type":"Organization","@id":"https:\/\/www.kompetensforetagen.se\/#organization","name":"Kompetensf\u00f6retagen","url":"https:\/\/www.kompetensforetagen.se\/","logo":{"@type":"ImageObject","inLanguage":"sv-SE","@id":"https:\/\/www.kompetensforetagen.se\/#\/schema\/logo\/image\/","url":"https:\/\/www.kompetensforetagen.se\/app\/uploads\/sites\/5\/2022\/10\/logga_svart.png","contentUrl":"https:\/\/www.kompetensforetagen.se\/app\/uploads\/sites\/5\/2022\/10\/logga_svart.png","width":752,"height":64,"caption":"Kompetensf\u00f6retagen"},"image":{"@id":"https:\/\/www.kompetensforetagen.se\/#\/schema\/logo\/image\/"},"sameAs":["https:\/\/www.linkedin.com\/company\/10540032\/"]},{"@type":"Person","@id":"","url":"https:\/\/www.kompetensforetagen.se\/person\/"}]}},"_links":{"self":[{"href":"https:\/\/www.kompetensforetagen.se\/api\/wp\/v2\/posts\/10387","targetHints":{"allow":["GET"]}}],"collection":[{"href":"https:\/\/www.kompetensforetagen.se\/api\/wp\/v2\/posts"}],"about":[{"href":"https:\/\/www.kompetensforetagen.se\/api\/wp\/v2\/types\/post"}],"author":[{"embeddable":true,"href":"https:\/\/www.kompetensforetagen.se\/api\/wp\/v2\/users\/6358"}],"replies":[{"embeddable":true,"href":"https:\/\/www.kompetensforetagen.se\/api\/wp\/v2\/comments?post=10387"}],"version-history":[{"count":2,"href":"https:\/\/www.kompetensforetagen.se\/api\/wp\/v2\/posts\/10387\/revisions"}],"predecessor-version":[{"id":13197,"href":"https:\/\/www.kompetensforetagen.se\/api\/wp\/v2\/posts\/10387\/revisions\/13197"}],"wp:featuredmedia":[{"embeddable":true,"href":"https:\/\/www.kompetensforetagen.se\/api\/wp\/v2\/media\/10386"}],"wp:attachment":[{"href":"https:\/\/www.kompetensforetagen.se\/api\/wp\/v2\/media?parent=10387"}],"wp:term":[{"taxonomy":"category","embeddable":true,"href":"https:\/\/www.kompetensforetagen.se\/api\/wp\/v2\/categories?post=10387"},{"taxonomy":"post_tag","embeddable":true,"href":"https:\/\/www.kompetensforetagen.se\/api\/wp\/v2\/tags?post=10387"},{"taxonomy":"type","embeddable":true,"href":"https:\/\/www.kompetensforetagen.se\/api\/wp\/v2\/article_type?post=10387"},{"taxonomy":"agreement","embeddable":true,"href":"https:\/\/www.kompetensforetagen.se\/api\/wp\/v2\/agreement?post=10387"},{"taxonomy":"for-members","embeddable":true,"href":"https:\/\/www.kompetensforetagen.se\/api\/wp\/v2\/for-members?post=10387"}],"curies":[{"name":"wp","href":"https:\/\/api.w.org\/{rel}","templated":true}]}}