{"id":10350,"date":"2022-11-08T13:29:05","date_gmt":"2022-11-08T12:29:05","guid":{"rendered":"https:\/\/www.kompetensforetagen.se\/?p=10350"},"modified":"2025-12-15T11:50:18","modified_gmt":"2025-12-15T10:50:18","slug":"forhojd-kunskap-motverkar-sexuella-trakasserier","status":"publish","type":"post","link":"https:\/\/www.kompetensforetagen.se\/2022\/11\/forhojd-kunskap-motverkar-sexuella-trakasserier\/","title":{"rendered":"F\u00f6rh\u00f6jd kunskap motverkar sexuella trakasserier"},"content":{"rendered":"\n<p><span style=\"background-color: transparent;font-size: 1rem\" data-contrast=\"auto\">Orsakerna till sexuella trakasserier kan en bland annat finna i l\u00e5g kunskap och osunda strukturer. Ett <a href=\"https:\/\/www.kompetensforetagen.se\/2022\/07\/partssamarbete-mot-sexuella-trakasserier\/\">samverkansprojekt<\/a>&nbsp; ska h\u00f6ja medvetandet hos arbetsgivare, chefer och skyddsombud om ansvar f\u00f6r, och m\u00f6jligheter att, bedriva systematiskt, f\u00f6rebyggande arbetsmilj\u00f6arbete kring sexuella trakasserier. <\/span><span style=\"background-color: transparent;font-size: 1rem\" data-ccp-props=\"{&quot;201341983&quot;:0,&quot;335559739&quot;:160,&quot;335559740&quot;:259}\">&nbsp;<\/span><\/p>\n\n\n\n<p><span data-contrast=\"auto\">Enligt rapporten <\/span><i><span data-contrast=\"auto\">Sexuella trakasserier i arbetslivet <\/span><\/i><span data-contrast=\"auto\">fr\u00e5n M\u00c4N, en ideell f\u00f6rening som arbetar f\u00f6r j\u00e4mst\u00e4lldhet och mot m\u00e4ns v\u00e5ld, \u00e4r den \u201dgenerella kunskapsniv\u00e5n ang\u00e5ende sexuella trakasserier i arbetslivet begr\u00e4nsad\u201d.&nbsp;&nbsp;<\/span><\/p>\n\n\n\n<blockquote class=\"wp-block-quote is-layout-flow wp-block-quote-is-layout-flow\">\n<p><span data-contrast=\"auto\">Den h\u00f6gsta ledningen ska g\u00f6ra klart f\u00f6r organisationen att hos oss r\u00e5der nolltolerans mot sexuella trakasserier<\/span><\/p>\n<cite>Maria Morberg, Almega<\/cite><\/blockquote>\n\n\n\n<p><span data-contrast=\"auto\">B\u00e5de forskning och erfarenhet visar betydelsen av en engagerad ledning i de h\u00e4r fr\u00e5gorna, framh\u00e5ller Maria Morberg, arbetsmilj\u00f6r\u00e5dgivare p\u00e5 Almega.<\/span><span data-ccp-props=\"{&quot;201341983&quot;:0,&quot;335559739&quot;:160,&quot;335559740&quot;:259}\">&nbsp;<\/span><\/p>\n\n\n\n<p><span data-contrast=\"auto\">\u2013 Den h\u00f6gsta ledningen ska g\u00f6ra klart f\u00f6r organisationen att hos oss r\u00e5der nolltolerans mot sexuella trakasserier. Det beh\u00f6vs ocks\u00e5 ett kontinuerligt arbetsmilj\u00f6arbete med information, bland annat om vilka rutiner som g\u00e4ller om n\u00e5gon medarbetare uts\u00e4tts f\u00f6r sexuella trakasserier. P\u00e5 det h\u00e4r s\u00e4ttet motverkar man <\/span><span data-contrast=\"auto\">\u00e4<\/span><span data-contrast=\"auto\">ven annan kr\u00e4nkande s\u00e4rbehandling, det f\u00e5r man s\u00e5 att s\u00e4ga p\u00e5 k\u00f6pet, s\u00e4ger Maria Morberg.&nbsp;<\/span><span data-ccp-props=\"{&quot;201341983&quot;:0,&quot;335559739&quot;:160,&quot;335559740&quot;:259}\">&nbsp;<\/span><\/p>\n\n\n\n<p><b><span data-contrast=\"auto\">Makt, gamla vanor och osunda strukturer<\/span><\/b><span data-ccp-props=\"{&quot;201341983&quot;:0,&quot;335559739&quot;:160,&quot;335559740&quot;:259}\"><br><\/span><span style=\"background-color: transparent;font-size: 1rem\" data-contrast=\"auto\">\u2013 Sexuella trakasserier har ofta sitt ursprung i makt, i gamla vanor och osunda strukturer. Det har blivit b\u00e4ttre men det finns mycket kvar att g\u00f6ra. En stor del av problemen beror p\u00e5 okunskap om vad som \u00e4r sexuella trakasserier och vad man ska g\u00f6ra om n\u00e5gon drabbas, s\u00e4ger<\/span><span style=\"background-color: transparent;font-size: 1rem\" data-contrast=\"none\"> Lisa R\u00f6nnb\u00e4ck p\u00e5 Prevent som \u00e4r ansvarig f\u00f6r framtagandet av materialet p\u00e5 webbplatsen.<\/span><span style=\"background-color: transparent;font-size: 1rem\" data-ccp-props=\"{&quot;201341983&quot;:0,&quot;335559739&quot;:160,&quot;335559740&quot;:259}\">&nbsp;<\/span><\/p>\n\n\n\n<p><span data-contrast=\"auto\">Diskrimineringslagen och arbetsmilj\u00f6lagen \u00e4r tydliga med att arbetsgivaren ska jobba aktivt mot sexuella trakasserier.&nbsp;<\/span><span data-ccp-props=\"{&quot;201341983&quot;:0,&quot;335559739&quot;:160,&quot;335559740&quot;:259}\">&nbsp;<\/span><\/p>\n\n\n\n<p><span data-contrast=\"auto\">&#8211; F\u00f6r bemanningsbranschen g\u00e4ller det b\u00e5de det uthyrande och det inhyrande f\u00f6retaget. Jag vill uppmana alla att s\u00e4tta sig in i hur man ska g\u00f6ra, om inte annat s\u00e5 b\u00f6rja med enk\u00e4ten f\u00f6r att f\u00e5 en bild av l\u00e4get p\u00e5 arbetsplatsen. Det kan tyckas \u00f6verfl\u00f6digt att tv\u00e5 arbetsgivare jobbar med samma sak, men det \u00e4r k\u00e4nt att ju mer man arbetar med fr\u00e5gan, desto b\u00e4ttre resultat n\u00e5r man, forts\u00e4tter Lisa.<\/span><span data-ccp-props=\"{&quot;201341983&quot;:0,&quot;335559739&quot;:160,&quot;335559740&quot;:259}\">&nbsp;<\/span><\/p>\n\n\n\n<figure class=\"wp-block-image\"><img decoding=\"async\" src=\"https:\/\/images.pexels.com\/photos\/2877338\/pexels-photo-2877338.jpeg?auto=compress&amp;cs=tinysrgb&amp;w=1260&amp;h=750&amp;dpr=1\" alt=\"Kostnadsfria Kostnadsfri bild av bok, bokbindningar, boksidor Stock foto\" \/><\/figure>\n","protected":false},"excerpt":{"rendered":"<p>Orsakerna till sexuella trakasserier kan en bland annat finna i l\u00e5g kunskap och osunda strukturer. Ett samverkansprojekt&nbsp; ska h\u00f6ja medvetandet hos arbetsgivare, chefer och skyddsombud om ansvar f\u00f6r, och m\u00f6jligheter att, bedriva systematiskt, f\u00f6rebyggande arbetsmilj\u00f6arbete &hellip;<\/p>\n","protected":false},"author":13369,"featured_media":9859,"comment_status":"closed","ping_status":"closed","sticky":false,"template":"","format":"standard","meta":{"_acf_changed":false,"footnotes":""},"categories":[1],"tags":[],"article_type":[8],"agreement":[],"for-members":[],"class_list":["post-10350","post","type-post","status-publish","format-standard","has-post-thumbnail","hentry","category-okategoriserade","type-aktuellt"],"acf":[],"yoast_head":"<!-- This site is optimized with the Yoast SEO Premium plugin v26.8 (Yoast SEO v26.8) - https:\/\/yoast.com\/product\/yoast-seo-premium-wordpress\/ -->\n<title>F\u00f6rh\u00f6jd kunskap motverkar sexuella trakasserier - Kompetensf\u00f6retagen<\/title>\n<meta name=\"description\" content=\"F\u00f6rh\u00f6jd kunskap motverkar sexuella trakasserier. L\u00e4s om hur branschen arbetar f\u00f6rebyggande f\u00f6r trygga arbetsplatser genom utbildning och rutiner.\" \/>\n<meta name=\"robots\" content=\"index, follow, max-snippet:-1, max-image-preview:large, max-video-preview:-1\" \/>\n<link rel=\"canonical\" href=\"https:\/\/www.kompetensforetagen.se\/2022\/11\/forhojd-kunskap-motverkar-sexuella-trakasserier\/\" \/>\n<meta property=\"og:locale\" content=\"sv_SE\" \/>\n<meta property=\"og:type\" content=\"article\" \/>\n<meta property=\"og:title\" content=\"F\u00f6rh\u00f6jd kunskap motverkar sexuella trakasserier\" \/>\n<meta property=\"og:description\" content=\"F\u00f6rh\u00f6jd kunskap motverkar sexuella trakasserier. L\u00e4s om hur branschen arbetar f\u00f6rebyggande f\u00f6r trygga arbetsplatser genom utbildning och rutiner.\" \/>\n<meta property=\"og:url\" content=\"https:\/\/www.kompetensforetagen.se\/2022\/11\/forhojd-kunskap-motverkar-sexuella-trakasserier\/\" \/>\n<meta property=\"og:site_name\" content=\"Kompetensf\u00f6retagen\" \/>\n<meta property=\"article:published_time\" content=\"2022-11-08T12:29:05+00:00\" \/>\n<meta property=\"article:modified_time\" content=\"2025-12-15T10:50:18+00:00\" \/>\n<meta property=\"og:image\" content=\"https:\/\/www.kompetensforetagen.se\/app\/uploads\/sites\/5\/2022\/06\/prevent_bild3_16-9.jpg\" \/>\n\t<meta property=\"og:image:width\" content=\"1920\" \/>\n\t<meta property=\"og:image:height\" content=\"1080\" \/>\n\t<meta property=\"og:image:type\" content=\"image\/jpeg\" \/>\n<meta name=\"author\" content=\"Camilla Gunnar\" \/>\n<meta name=\"twitter:card\" content=\"summary_large_image\" \/>\n<meta name=\"twitter:label1\" content=\"Skriven av\" \/>\n\t<meta name=\"twitter:data1\" content=\"Camilla Gunnar\" \/>\n\t<meta name=\"twitter:label2\" content=\"Ber\u00e4knad l\u00e4stid\" \/>\n\t<meta name=\"twitter:data2\" content=\"2 minuter\" \/>\n<!-- \/ Yoast SEO Premium plugin. -->","yoast_head_json":{"title":"F\u00f6rh\u00f6jd kunskap motverkar sexuella trakasserier - Kompetensf\u00f6retagen","description":"F\u00f6rh\u00f6jd kunskap motverkar sexuella trakasserier. L\u00e4s om hur branschen arbetar f\u00f6rebyggande f\u00f6r trygga arbetsplatser genom utbildning och rutiner.","robots":{"index":"index","follow":"follow","max-snippet":"max-snippet:-1","max-image-preview":"max-image-preview:large","max-video-preview":"max-video-preview:-1"},"canonical":"https:\/\/www.kompetensforetagen.se\/2022\/11\/forhojd-kunskap-motverkar-sexuella-trakasserier\/","og_locale":"sv_SE","og_type":"article","og_title":"F\u00f6rh\u00f6jd kunskap motverkar sexuella trakasserier","og_description":"F\u00f6rh\u00f6jd kunskap motverkar sexuella trakasserier. L\u00e4s om hur branschen arbetar f\u00f6rebyggande f\u00f6r trygga arbetsplatser genom utbildning och rutiner.","og_url":"https:\/\/www.kompetensforetagen.se\/2022\/11\/forhojd-kunskap-motverkar-sexuella-trakasserier\/","og_site_name":"Kompetensf\u00f6retagen","article_published_time":"2022-11-08T12:29:05+00:00","article_modified_time":"2025-12-15T10:50:18+00:00","og_image":[{"width":1920,"height":1080,"url":"https:\/\/www.kompetensforetagen.se\/app\/uploads\/sites\/5\/2022\/06\/prevent_bild3_16-9.jpg","type":"image\/jpeg"}],"author":"Camilla Gunnar","twitter_card":"summary_large_image","twitter_misc":{"Skriven av":"Camilla Gunnar","Ber\u00e4knad l\u00e4stid":"2 minuter"},"schema":{"@context":"https:\/\/schema.org","@graph":[{"@type":"Article","@id":"https:\/\/www.kompetensforetagen.se\/2022\/11\/forhojd-kunskap-motverkar-sexuella-trakasserier\/#article","isPartOf":{"@id":"https:\/\/www.kompetensforetagen.se\/2022\/11\/forhojd-kunskap-motverkar-sexuella-trakasserier\/"},"author":{"name":"Camilla Gunnar","@id":"https:\/\/www.kompetensforetagen.se\/#\/schema\/person\/c7bba27698c27aaa15cc55986aee8988"},"headline":"F\u00f6rh\u00f6jd kunskap motverkar sexuella trakasserier","datePublished":"2022-11-08T12:29:05+00:00","dateModified":"2025-12-15T10:50:18+00:00","mainEntityOfPage":{"@id":"https:\/\/www.kompetensforetagen.se\/2022\/11\/forhojd-kunskap-motverkar-sexuella-trakasserier\/"},"wordCount":404,"publisher":{"@id":"https:\/\/www.kompetensforetagen.se\/#organization"},"image":{"@id":"https:\/\/www.kompetensforetagen.se\/2022\/11\/forhojd-kunskap-motverkar-sexuella-trakasserier\/#primaryimage"},"thumbnailUrl":"https:\/\/www.kompetensforetagen.se\/app\/uploads\/sites\/5\/2022\/06\/prevent_bild3_16-9.jpg","inLanguage":"sv-SE"},{"@type":"WebPage","@id":"https:\/\/www.kompetensforetagen.se\/2022\/11\/forhojd-kunskap-motverkar-sexuella-trakasserier\/","url":"https:\/\/www.kompetensforetagen.se\/2022\/11\/forhojd-kunskap-motverkar-sexuella-trakasserier\/","name":"F\u00f6rh\u00f6jd kunskap motverkar sexuella trakasserier - Kompetensf\u00f6retagen","isPartOf":{"@id":"https:\/\/www.kompetensforetagen.se\/#website"},"primaryImageOfPage":{"@id":"https:\/\/www.kompetensforetagen.se\/2022\/11\/forhojd-kunskap-motverkar-sexuella-trakasserier\/#primaryimage"},"image":{"@id":"https:\/\/www.kompetensforetagen.se\/2022\/11\/forhojd-kunskap-motverkar-sexuella-trakasserier\/#primaryimage"},"thumbnailUrl":"https:\/\/www.kompetensforetagen.se\/app\/uploads\/sites\/5\/2022\/06\/prevent_bild3_16-9.jpg","datePublished":"2022-11-08T12:29:05+00:00","dateModified":"2025-12-15T10:50:18+00:00","description":"F\u00f6rh\u00f6jd kunskap motverkar sexuella trakasserier. L\u00e4s om hur branschen arbetar f\u00f6rebyggande f\u00f6r trygga arbetsplatser genom utbildning och rutiner.","breadcrumb":{"@id":"https:\/\/www.kompetensforetagen.se\/2022\/11\/forhojd-kunskap-motverkar-sexuella-trakasserier\/#breadcrumb"},"inLanguage":"sv-SE","potentialAction":[{"@type":"ReadAction","target":["https:\/\/www.kompetensforetagen.se\/2022\/11\/forhojd-kunskap-motverkar-sexuella-trakasserier\/"]}]},{"@type":"ImageObject","inLanguage":"sv-SE","@id":"https:\/\/www.kompetensforetagen.se\/2022\/11\/forhojd-kunskap-motverkar-sexuella-trakasserier\/#primaryimage","url":"https:\/\/www.kompetensforetagen.se\/app\/uploads\/sites\/5\/2022\/06\/prevent_bild3_16-9.jpg","contentUrl":"https:\/\/www.kompetensforetagen.se\/app\/uploads\/sites\/5\/2022\/06\/prevent_bild3_16-9.jpg","width":1920,"height":1080,"caption":"Det r\u00e5der nolltolerans mot sexuella trakasserier i arbetslivet"},{"@type":"BreadcrumbList","@id":"https:\/\/www.kompetensforetagen.se\/2022\/11\/forhojd-kunskap-motverkar-sexuella-trakasserier\/#breadcrumb","itemListElement":[{"@type":"ListItem","position":1,"name":"Home","item":"https:\/\/www.kompetensforetagen.se\/"},{"@type":"ListItem","position":2,"name":"F\u00f6rh\u00f6jd kunskap motverkar sexuella trakasserier"}]},{"@type":"WebSite","@id":"https:\/\/www.kompetensforetagen.se\/#website","url":"https:\/\/www.kompetensforetagen.se\/","name":"Kompetensf\u00f6retagen","description":"R\u00e4tt person p\u00e5 r\u00e4tt plats kan f\u00f6r\u00e4ndra v\u00e4rlden","publisher":{"@id":"https:\/\/www.kompetensforetagen.se\/#organization"},"potentialAction":[{"@type":"SearchAction","target":{"@type":"EntryPoint","urlTemplate":"https:\/\/www.kompetensforetagen.se\/?s={search_term_string}"},"query-input":{"@type":"PropertyValueSpecification","valueRequired":true,"valueName":"search_term_string"}}],"inLanguage":"sv-SE"},{"@type":"Organization","@id":"https:\/\/www.kompetensforetagen.se\/#organization","name":"Kompetensf\u00f6retagen","url":"https:\/\/www.kompetensforetagen.se\/","logo":{"@type":"ImageObject","inLanguage":"sv-SE","@id":"https:\/\/www.kompetensforetagen.se\/#\/schema\/logo\/image\/","url":"https:\/\/www.kompetensforetagen.se\/app\/uploads\/sites\/5\/2022\/10\/logga_svart.png","contentUrl":"https:\/\/www.kompetensforetagen.se\/app\/uploads\/sites\/5\/2022\/10\/logga_svart.png","width":752,"height":64,"caption":"Kompetensf\u00f6retagen"},"image":{"@id":"https:\/\/www.kompetensforetagen.se\/#\/schema\/logo\/image\/"},"sameAs":["https:\/\/www.linkedin.com\/company\/10540032\/"]},{"@type":"Person","@id":"https:\/\/www.kompetensforetagen.se\/#\/schema\/person\/c7bba27698c27aaa15cc55986aee8988","name":"Camilla Gunnar","image":{"@type":"ImageObject","inLanguage":"sv-SE","@id":"https:\/\/www.kompetensforetagen.se\/#\/schema\/person\/image\/","url":"https:\/\/secure.gravatar.com\/avatar\/22efdd0a8a6d5ee41af811eb334df2a6e2bf5e0edcf2f39b1e9a2ddf72c7cc68?s=96&d=mm&r=g","contentUrl":"https:\/\/secure.gravatar.com\/avatar\/22efdd0a8a6d5ee41af811eb334df2a6e2bf5e0edcf2f39b1e9a2ddf72c7cc68?s=96&d=mm&r=g","caption":"Camilla Gunnar"},"url":"https:\/\/www.kompetensforetagen.se\/person\/camillagunnar-2\/"}]}},"_links":{"self":[{"href":"https:\/\/www.kompetensforetagen.se\/api\/wp\/v2\/posts\/10350","targetHints":{"allow":["GET"]}}],"collection":[{"href":"https:\/\/www.kompetensforetagen.se\/api\/wp\/v2\/posts"}],"about":[{"href":"https:\/\/www.kompetensforetagen.se\/api\/wp\/v2\/types\/post"}],"author":[{"embeddable":true,"href":"https:\/\/www.kompetensforetagen.se\/api\/wp\/v2\/users\/13369"}],"replies":[{"embeddable":true,"href":"https:\/\/www.kompetensforetagen.se\/api\/wp\/v2\/comments?post=10350"}],"version-history":[{"count":4,"href":"https:\/\/www.kompetensforetagen.se\/api\/wp\/v2\/posts\/10350\/revisions"}],"predecessor-version":[{"id":21170,"href":"https:\/\/www.kompetensforetagen.se\/api\/wp\/v2\/posts\/10350\/revisions\/21170"}],"wp:featuredmedia":[{"embeddable":true,"href":"https:\/\/www.kompetensforetagen.se\/api\/wp\/v2\/media\/9859"}],"wp:attachment":[{"href":"https:\/\/www.kompetensforetagen.se\/api\/wp\/v2\/media?parent=10350"}],"wp:term":[{"taxonomy":"category","embeddable":true,"href":"https:\/\/www.kompetensforetagen.se\/api\/wp\/v2\/categories?post=10350"},{"taxonomy":"post_tag","embeddable":true,"href":"https:\/\/www.kompetensforetagen.se\/api\/wp\/v2\/tags?post=10350"},{"taxonomy":"type","embeddable":true,"href":"https:\/\/www.kompetensforetagen.se\/api\/wp\/v2\/article_type?post=10350"},{"taxonomy":"agreement","embeddable":true,"href":"https:\/\/www.kompetensforetagen.se\/api\/wp\/v2\/agreement?post=10350"},{"taxonomy":"for-members","embeddable":true,"href":"https:\/\/www.kompetensforetagen.se\/api\/wp\/v2\/for-members?post=10350"}],"curies":[{"name":"wp","href":"https:\/\/api.w.org\/{rel}","templated":true}]}}