{"id":10314,"date":"2022-11-03T12:25:53","date_gmt":"2022-11-03T11:25:53","guid":{"rendered":"https:\/\/www.kompetensforetagen.se\/?p=10314"},"modified":"2023-07-13T16:04:36","modified_gmt":"2023-07-13T14:04:36","slug":"konsultvarlden-konsultchef","status":"publish","type":"post","link":"https:\/\/www.kompetensforetagen.se\/2022\/11\/konsultvarlden-konsultchef\/","title":{"rendered":"Intervju med Semir Resic, konsultchef hos Tranpenad"},"content":{"rendered":"\n<figure class=\"wp-block-table\"><table class=\"has-secondary-background-color has-background\"><tbody><tr><td><strong>Namn:<\/strong> Semir Resic &nbsp; <br><strong>\u00c5lder:&nbsp;<\/strong>29 \u00e5r <br><strong>Bor: <\/strong>G\u00f6teborg <br><strong>Jobbar p\u00e5: <\/strong>Tranpenad Bemanning i G\u00f6teborg<br> <strong>Dr\u00f6mmer om:<\/strong> Ett friskt och bekymmersl\u00f6st liv!<\/td><\/tr><\/tbody><\/table><\/figure>\n\n\n\n<p><strong>Hur l\u00e4nge har du jobbat inom konsultv\u00e4rlden?<br><\/strong><span style=\"background-color: transparent;font-size: 1rem\">\u2013 Jag b\u00f6rjade som konsult hos Tranpenad 2019 och jobbade d\u00e5 som inhyrd fordonsmont\u00f6r hos IAC i G\u00f6teborg. Efter en tid k\u00e4nde jag att jag ville vidareutvecklas och f\u00e5 mer ansvar och pratade med min d\u00e5varande konsultchef som uts\u00e5g mig till Team Leader. Efter ett \u00e5r som TL blev jag befordrad till konsultchef, vilket jag nu varit i drygt ett och ett halvt \u00e5r!<\/span><\/p>\n\n\n\n<blockquote class=\"wp-block-quote is-layout-flow wp-block-quote-is-layout-flow\">\n<p>\u2013 Den st\u00f6rsta trenden jag ser i mitt yrke n\u00e4r det kommer till bemanningsbranschen \u00e4r att bemanning verkligen \u00e4r f\u00f6r alla<\/p>\n<\/blockquote>\n\n\n\n<p><strong>Vad \u00e4r det b\u00e4sta med ditt jobb?<br><\/strong><span style=\"background-color: transparent;font-size: 1rem\">\u2013 Att f\u00e5 vara med och utveckla aff\u00e4ren med de kundf\u00f6retag jag ansvarar f\u00f6r, och samtidigt f\u00e5 hj\u00e4lpa m\u00e4nniskor som st\u00e5r utanf\u00f6r arbetsmarknaden till ett jobb, f\u00f6lja och st\u00f6tta dem i deras utveckling.&nbsp;<\/span><span style=\"background-color: transparent;font-size: 1rem\">Som konsultchefer \u00e4r vi v\u00e4ldigt n\u00e4rvarande p\u00e5 arbetsplatserna vilket g\u00f6r att man verkligen l\u00e4r k\u00e4nna sina konsulter p\u00e5 ett personligare plan, det g\u00f6r jobbet v\u00e4ldigt kul och jag firar verkligen deras framg\u00e5ngar med dem. Den senaste \u00e4r f\u00f6rst\u00e5s n\u00e4r Ayman tog hem priset som \u00c5rets Konsult, det var en riktigt bra dag p\u00e5 jobbet!<\/span><\/p>\n\n\n\n<figure class=\"wp-block-image alignnone\"><img decoding=\"async\" src=\"https:\/\/images.pexels.com\/photos\/3184396\/pexels-photo-3184396.jpeg?auto=compress&amp;cs=tinysrgb&amp;w=1260&amp;h=750&amp;dpr=1\" alt=\"Kostnadsfria Kostnadsfri bild av ansiktsuttryck, anst\u00e4llda, fotografering Stock foto\"\/><figcaption class=\"wp-element-caption\">Bild fr\u00e5n Pexels<\/figcaption><\/figure>\n\n\n\n<p><strong>Vad ser du f\u00f6r trender inom yrket idag j\u00e4mf\u00f6rt med f\u00f6r 5 \u00e5r sedan?<br><\/strong><span style=\"background-color: transparent;font-size: 1rem\">\u2013 Den st\u00f6rsta trenden jag ser i mitt yrke n\u00e4r det kommer till bemanningsbranschen \u00e4r att bemanning verkligen \u00e4r f\u00f6r alla. N\u00e4r jag b\u00f6rjade hade jag en tanke om att de flesta som s\u00f6ker sig till bemanning \u00e4r ungdomar som vill jobba under n\u00e5got \u00e5r f\u00f6r att sedan g\u00e5 vidare till annat, men det \u00e4r verkligen alla \u00e5ldrar och typer av m\u00e4nniskor som s\u00f6ker till oss och m\u00e5nga jobbar hos oss en l\u00e4ngre tid. Huruvida det \u00e4r nytt f\u00f6r branschen eller bara f\u00f6r mig vet jag inte, men det \u00e4r v\u00e4ldigt kul att se!<\/span><\/p>\n\n\n\n<blockquote class=\"wp-block-quote is-layout-flow wp-block-quote-is-layout-flow\">\n<p>Mitt andra r\u00e5d \u00e4r att inte vara r\u00e4dd att ta f\u00f6r dig och visa framf\u00f6tterna<\/p>\n<\/blockquote>\n\n\n\n<p><strong>Om du f\u00e5r ge dina tips till en kommande konsult, vilka skulle det vara?<br><\/strong><span style=\"background-color: transparent;font-size: 1rem\">\u2013 Att var lyh\u00f6rd, visa intresse och att det inte finns n\u00e5gra dumma fr\u00e5gor. Fr\u00e5ga mycket och ta hj\u00e4lp av oss som konsultchefer s\u00e5 att du kan k\u00e4nna dig s\u00e5 f\u00f6rberedd som m\u00f6jligt inf\u00f6r en f\u00f6rsta arbetsdag och under v\u00e4gens g\u00e5ng.<\/span><\/p>\n\n\n\n<p>\u2013 Mitt andra r\u00e5d \u00e4r att inte vara r\u00e4dd att ta f\u00f6r dig och visa framf\u00f6tterna! Jag tror att man ibland kan k\u00e4nna sig som en ganska liten fisk i en stor damm n\u00e4r man jobbar inom bemanning, men vi l\u00e4gger m\u00e4rke till mer \u00e4n vad man kanske tror och uppm\u00e4rksammar de som visar intresse och driv. Man kan jobba inom bemanning en period av yrkeslivet men det finns ocks\u00e5 stora utvecklingsm\u00f6jligheter inom branschen, det \u00e4r jag sj\u00e4lv ett exempel p\u00e5!<\/p>\n\n\n\n<p><strong>Varf\u00f6r skulle du rekommendera just denna bransch? Vad \u00e4r det roligaste och fr\u00e4msta f\u00f6rdelarna?<br><\/strong><span style=\"background-color: transparent;font-size: 1rem\">\u2013 M\u00e5nga arbetsm\u00f6jligheter, chans att testa p\u00e5 olika saker och att l\u00e4ra k\u00e4nna m\u00e5nga nya m\u00e4nniskor! Jag skulle s\u00e4rskilt rekommendera branschen f\u00f6r dig som \u00e4r i b\u00f6rjan av arbetslivet, som vill testa p\u00e5 och f\u00e5 en k\u00e4nsla f\u00f6r vad du vill eller inte vill jobba med i framtiden. Ofta har vi jobb med varierande erfarenhetskrav, d\u00e4r din person och inst\u00e4llning \u00e4r viktigare \u00e4n erfarenhet. Jag tror ocks\u00e5 att det finns f\u00e5 branscher d\u00e4r du f\u00e5r m\u00f6jlighet att l\u00e4ra k\u00e4nna s\u00e5 m\u00e5nga olika typer av m\u00e4nniskor. Jag kan f\u00f6rst\u00e5s bara tala f\u00f6r Tranpenad, men vi har verkligen ett stort spann med medarbetare i olika \u00e5ldrar, bakgrunder och personligheter vilket skapar en st\u00e4mning och kultur som jag personligen v\u00e4rderar v\u00e4ldigt h\u00f6gt.<\/span><\/p>\n\n\n\n<figure class=\"wp-block-image alignnone\"><img decoding=\"async\" src=\"https:\/\/images.pexels.com\/photos\/3184418\/pexels-photo-3184418.jpeg?auto=compress&amp;cs=tinysrgb&amp;w=1260&amp;h=750&amp;dpr=1\" alt=\"\"\/><figcaption class=\"wp-element-caption\">Bild fr\u00e5n Pexels<\/figcaption><\/figure>\n","protected":false},"excerpt":{"rendered":"<p>Namn: Semir Resic &nbsp; \u00c5lder:&nbsp;29 \u00e5r Bor: G\u00f6teborg Jobbar p\u00e5: Tranpenad Bemanning i G\u00f6teborg Dr\u00f6mmer om: Ett friskt och bekymmersl\u00f6st liv! Hur l\u00e4nge har du jobbat inom konsultv\u00e4rlden?\u2013 Jag b\u00f6rjade som konsult hos Tranpenad 2019 &hellip;<\/p>\n","protected":false},"author":13369,"featured_media":10315,"comment_status":"closed","ping_status":"closed","sticky":false,"template":"","format":"standard","meta":{"_acf_changed":false,"footnotes":""},"categories":[204,1],"tags":[],"article_type":[8],"agreement":[],"for-members":[],"class_list":["post-10314","post","type-post","status-publish","format-standard","has-post-thumbnail","hentry","category-konsult","category-okategoriserade","type-aktuellt"],"acf":[],"yoast_head":"<!-- This site is optimized with the Yoast SEO Premium plugin v26.8 (Yoast SEO v26.8) - https:\/\/yoast.com\/product\/yoast-seo-premium-wordpress\/ -->\n<title>Intervju med Semir Resic, konsultchef hos Tranpenad - Kompetensf\u00f6retagen<\/title>\n<meta name=\"description\" content=\"Efter ett \u00e5r som TL blev jag befordrad till konsultchef, vilket jag nu varit i drygt ett och ett halvt \u00e5r! %\" \/>\n<meta name=\"robots\" content=\"index, follow, max-snippet:-1, max-image-preview:large, max-video-preview:-1\" \/>\n<link rel=\"canonical\" href=\"https:\/\/www.kompetensforetagen.se\/2022\/11\/konsultvarlden-konsultchef\/\" \/>\n<meta property=\"og:locale\" content=\"sv_SE\" \/>\n<meta property=\"og:type\" content=\"article\" \/>\n<meta property=\"og:title\" content=\"Intervju med Semir Resic, konsultchef hos Tranpenad\" \/>\n<meta property=\"og:description\" content=\"Efter ett \u00e5r som TL blev jag befordrad till konsultchef, vilket jag nu varit i drygt ett och ett halvt \u00e5r! %\" \/>\n<meta property=\"og:url\" content=\"https:\/\/www.kompetensforetagen.se\/2022\/11\/konsultvarlden-konsultchef\/\" \/>\n<meta property=\"og:site_name\" content=\"Kompetensf\u00f6retagen\" \/>\n<meta property=\"article:published_time\" content=\"2022-11-03T11:25:53+00:00\" \/>\n<meta property=\"article:modified_time\" content=\"2023-07-13T14:04:36+00:00\" \/>\n<meta property=\"og:image\" content=\"https:\/\/www.kompetensforetagen.se\/app\/uploads\/sites\/5\/2022\/11\/semir_resic-scaled.jpg\" \/>\n\t<meta property=\"og:image:width\" content=\"2560\" \/>\n\t<meta property=\"og:image:height\" content=\"1920\" \/>\n\t<meta property=\"og:image:type\" content=\"image\/jpeg\" \/>\n<meta name=\"author\" content=\"Camilla Gunnar\" \/>\n<meta name=\"twitter:card\" content=\"summary_large_image\" \/>\n<meta name=\"twitter:label1\" content=\"Skriven av\" \/>\n\t<meta name=\"twitter:data1\" content=\"Camilla Gunnar\" \/>\n\t<meta name=\"twitter:label2\" content=\"Ber\u00e4knad l\u00e4stid\" \/>\n\t<meta name=\"twitter:data2\" content=\"4 minuter\" \/>\n<!-- \/ Yoast SEO Premium plugin. -->","yoast_head_json":{"title":"Intervju med Semir Resic, konsultchef hos Tranpenad - Kompetensf\u00f6retagen","description":"Efter ett \u00e5r som TL blev jag befordrad till konsultchef, vilket jag nu varit i drygt ett och ett halvt \u00e5r! %","robots":{"index":"index","follow":"follow","max-snippet":"max-snippet:-1","max-image-preview":"max-image-preview:large","max-video-preview":"max-video-preview:-1"},"canonical":"https:\/\/www.kompetensforetagen.se\/2022\/11\/konsultvarlden-konsultchef\/","og_locale":"sv_SE","og_type":"article","og_title":"Intervju med Semir Resic, konsultchef hos Tranpenad","og_description":"Efter ett \u00e5r som TL blev jag befordrad till konsultchef, vilket jag nu varit i drygt ett och ett halvt \u00e5r! %","og_url":"https:\/\/www.kompetensforetagen.se\/2022\/11\/konsultvarlden-konsultchef\/","og_site_name":"Kompetensf\u00f6retagen","article_published_time":"2022-11-03T11:25:53+00:00","article_modified_time":"2023-07-13T14:04:36+00:00","og_image":[{"width":2560,"height":1920,"url":"https:\/\/www.kompetensforetagen.se\/app\/uploads\/sites\/5\/2022\/11\/semir_resic-scaled.jpg","type":"image\/jpeg"}],"author":"Camilla Gunnar","twitter_card":"summary_large_image","twitter_misc":{"Skriven av":"Camilla Gunnar","Ber\u00e4knad l\u00e4stid":"4 minuter"},"schema":{"@context":"https:\/\/schema.org","@graph":[{"@type":"Article","@id":"https:\/\/www.kompetensforetagen.se\/2022\/11\/konsultvarlden-konsultchef\/#article","isPartOf":{"@id":"https:\/\/www.kompetensforetagen.se\/2022\/11\/konsultvarlden-konsultchef\/"},"author":{"name":"Camilla Gunnar","@id":"https:\/\/www.kompetensforetagen.se\/#\/schema\/person\/c7bba27698c27aaa15cc55986aee8988"},"headline":"Intervju med Semir Resic, konsultchef hos Tranpenad","datePublished":"2022-11-03T11:25:53+00:00","dateModified":"2023-07-13T14:04:36+00:00","mainEntityOfPage":{"@id":"https:\/\/www.kompetensforetagen.se\/2022\/11\/konsultvarlden-konsultchef\/"},"wordCount":720,"publisher":{"@id":"https:\/\/www.kompetensforetagen.se\/#organization"},"image":{"@id":"https:\/\/www.kompetensforetagen.se\/2022\/11\/konsultvarlden-konsultchef\/#primaryimage"},"thumbnailUrl":"https:\/\/www.kompetensforetagen.se\/app\/uploads\/sites\/5\/2022\/11\/semir_resic-scaled.jpg","articleSection":["Konsult"],"inLanguage":"sv-SE"},{"@type":"WebPage","@id":"https:\/\/www.kompetensforetagen.se\/2022\/11\/konsultvarlden-konsultchef\/","url":"https:\/\/www.kompetensforetagen.se\/2022\/11\/konsultvarlden-konsultchef\/","name":"Intervju med Semir Resic, konsultchef hos Tranpenad - Kompetensf\u00f6retagen","isPartOf":{"@id":"https:\/\/www.kompetensforetagen.se\/#website"},"primaryImageOfPage":{"@id":"https:\/\/www.kompetensforetagen.se\/2022\/11\/konsultvarlden-konsultchef\/#primaryimage"},"image":{"@id":"https:\/\/www.kompetensforetagen.se\/2022\/11\/konsultvarlden-konsultchef\/#primaryimage"},"thumbnailUrl":"https:\/\/www.kompetensforetagen.se\/app\/uploads\/sites\/5\/2022\/11\/semir_resic-scaled.jpg","datePublished":"2022-11-03T11:25:53+00:00","dateModified":"2023-07-13T14:04:36+00:00","description":"Efter ett \u00e5r som TL blev jag befordrad till konsultchef, vilket jag nu varit i drygt ett och ett halvt \u00e5r! %","breadcrumb":{"@id":"https:\/\/www.kompetensforetagen.se\/2022\/11\/konsultvarlden-konsultchef\/#breadcrumb"},"inLanguage":"sv-SE","potentialAction":[{"@type":"ReadAction","target":["https:\/\/www.kompetensforetagen.se\/2022\/11\/konsultvarlden-konsultchef\/"]}]},{"@type":"ImageObject","inLanguage":"sv-SE","@id":"https:\/\/www.kompetensforetagen.se\/2022\/11\/konsultvarlden-konsultchef\/#primaryimage","url":"https:\/\/www.kompetensforetagen.se\/app\/uploads\/sites\/5\/2022\/11\/semir_resic-scaled.jpg","contentUrl":"https:\/\/www.kompetensforetagen.se\/app\/uploads\/sites\/5\/2022\/11\/semir_resic-scaled.jpg","width":2560,"height":1920,"caption":"Semir Resic, privat bild"},{"@type":"BreadcrumbList","@id":"https:\/\/www.kompetensforetagen.se\/2022\/11\/konsultvarlden-konsultchef\/#breadcrumb","itemListElement":[{"@type":"ListItem","position":1,"name":"Home","item":"https:\/\/www.kompetensforetagen.se\/"},{"@type":"ListItem","position":2,"name":"Intervju med Semir Resic, konsultchef hos Tranpenad"}]},{"@type":"WebSite","@id":"https:\/\/www.kompetensforetagen.se\/#website","url":"https:\/\/www.kompetensforetagen.se\/","name":"Kompetensf\u00f6retagen","description":"R\u00e4tt person p\u00e5 r\u00e4tt plats kan f\u00f6r\u00e4ndra v\u00e4rlden","publisher":{"@id":"https:\/\/www.kompetensforetagen.se\/#organization"},"potentialAction":[{"@type":"SearchAction","target":{"@type":"EntryPoint","urlTemplate":"https:\/\/www.kompetensforetagen.se\/?s={search_term_string}"},"query-input":{"@type":"PropertyValueSpecification","valueRequired":true,"valueName":"search_term_string"}}],"inLanguage":"sv-SE"},{"@type":"Organization","@id":"https:\/\/www.kompetensforetagen.se\/#organization","name":"Kompetensf\u00f6retagen","url":"https:\/\/www.kompetensforetagen.se\/","logo":{"@type":"ImageObject","inLanguage":"sv-SE","@id":"https:\/\/www.kompetensforetagen.se\/#\/schema\/logo\/image\/","url":"https:\/\/www.kompetensforetagen.se\/app\/uploads\/sites\/5\/2022\/10\/logga_svart.png","contentUrl":"https:\/\/www.kompetensforetagen.se\/app\/uploads\/sites\/5\/2022\/10\/logga_svart.png","width":752,"height":64,"caption":"Kompetensf\u00f6retagen"},"image":{"@id":"https:\/\/www.kompetensforetagen.se\/#\/schema\/logo\/image\/"},"sameAs":["https:\/\/www.linkedin.com\/company\/10540032\/"]},{"@type":"Person","@id":"https:\/\/www.kompetensforetagen.se\/#\/schema\/person\/c7bba27698c27aaa15cc55986aee8988","name":"Camilla Gunnar","image":{"@type":"ImageObject","inLanguage":"sv-SE","@id":"https:\/\/www.kompetensforetagen.se\/#\/schema\/person\/image\/","url":"https:\/\/secure.gravatar.com\/avatar\/22efdd0a8a6d5ee41af811eb334df2a6e2bf5e0edcf2f39b1e9a2ddf72c7cc68?s=96&d=mm&r=g","contentUrl":"https:\/\/secure.gravatar.com\/avatar\/22efdd0a8a6d5ee41af811eb334df2a6e2bf5e0edcf2f39b1e9a2ddf72c7cc68?s=96&d=mm&r=g","caption":"Camilla Gunnar"},"url":"https:\/\/www.kompetensforetagen.se\/person\/camillagunnar-2\/"}]}},"_links":{"self":[{"href":"https:\/\/www.kompetensforetagen.se\/api\/wp\/v2\/posts\/10314","targetHints":{"allow":["GET"]}}],"collection":[{"href":"https:\/\/www.kompetensforetagen.se\/api\/wp\/v2\/posts"}],"about":[{"href":"https:\/\/www.kompetensforetagen.se\/api\/wp\/v2\/types\/post"}],"author":[{"embeddable":true,"href":"https:\/\/www.kompetensforetagen.se\/api\/wp\/v2\/users\/13369"}],"replies":[{"embeddable":true,"href":"https:\/\/www.kompetensforetagen.se\/api\/wp\/v2\/comments?post=10314"}],"version-history":[{"count":3,"href":"https:\/\/www.kompetensforetagen.se\/api\/wp\/v2\/posts\/10314\/revisions"}],"predecessor-version":[{"id":14653,"href":"https:\/\/www.kompetensforetagen.se\/api\/wp\/v2\/posts\/10314\/revisions\/14653"}],"wp:featuredmedia":[{"embeddable":true,"href":"https:\/\/www.kompetensforetagen.se\/api\/wp\/v2\/media\/10315"}],"wp:attachment":[{"href":"https:\/\/www.kompetensforetagen.se\/api\/wp\/v2\/media?parent=10314"}],"wp:term":[{"taxonomy":"category","embeddable":true,"href":"https:\/\/www.kompetensforetagen.se\/api\/wp\/v2\/categories?post=10314"},{"taxonomy":"post_tag","embeddable":true,"href":"https:\/\/www.kompetensforetagen.se\/api\/wp\/v2\/tags?post=10314"},{"taxonomy":"type","embeddable":true,"href":"https:\/\/www.kompetensforetagen.se\/api\/wp\/v2\/article_type?post=10314"},{"taxonomy":"agreement","embeddable":true,"href":"https:\/\/www.kompetensforetagen.se\/api\/wp\/v2\/agreement?post=10314"},{"taxonomy":"for-members","embeddable":true,"href":"https:\/\/www.kompetensforetagen.se\/api\/wp\/v2\/for-members?post=10314"}],"curies":[{"name":"wp","href":"https:\/\/api.w.org\/{rel}","templated":true}]}}