{"id":10233,"date":"2022-10-20T11:11:40","date_gmt":"2022-10-20T09:11:40","guid":{"rendered":"https:\/\/www.kompetensforetagen.se\/?p=10233"},"modified":"2023-03-22T12:15:33","modified_gmt":"2023-03-22T11:15:33","slug":"elva-nya-auktoriserade-foretag-och-fyra-forlorar-auktorisationen","status":"publish","type":"post","link":"https:\/\/www.kompetensforetagen.se\/2022\/10\/elva-nya-auktoriserade-foretag-och-fyra-forlorar-auktorisationen\/","title":{"rendered":"Elva nya auktoriserade f\u00f6retag och fyra f\u00f6rlorar auktorisationen"},"content":{"rendered":"\n<p>Vid det senaste m\u00f6tet med Kompetensf\u00f6retagens <a href=\"https:\/\/www.kompetensforetagen.se\/auktorisation\/kompetensforetagens-auktorisationsnamnd\/\" target=\"_blank\" rel=\"noopener\">auktorisationsn\u00e4mnd<\/a> rekommenderade den 141 f\u00f6retag f\u00f6r auktorisation. Av dem var det elva som auktoriserades f\u00f6r f\u00f6rsta g\u00e5ngen. Alla uppfyller de Kompetensf\u00f6retagens krav, som att de varit verksamma i minst 12 m\u00e5nader och kan redovisa ordnad ekonomi.<\/p>\n\n\n\n<p><a href=\"https:\/\/www.kompetensforetagen.se\/auktorisation-2\/ansok-om-auktorisation\/steg-1-villkor-for-auktorisation-kan-foretaget-bli-auktoriserat\/\" target=\"_blank\" rel=\"noopener\">Kraven i sin helhet finns du h\u00e4r.<\/a><\/p>\n\n\n\n<p>De f\u00f6retag som nu godk\u00e4nts f\u00f6r auktorisation av Kompetensf\u00f6retagens styrelse har meddelats detta.<\/p>\n\n\n\n<p><strong>130 medlemsf\u00f6retag<\/strong> fick sin ans\u00f6kan om f\u00f6rnyad auktorisation godk\u00e4nd.&nbsp; 17 ans\u00f6kningar bordlades.<\/p>\n\n\n\n<p>Vid auktorisationsn\u00e4mndens m\u00f6te lades ocks\u00e5 fram att fyra medlemsf\u00f6retag vid granskning inte uppfyller Kompetensf\u00f6retagens krav. D\u00e4rmed beslutade styrelsen p\u00e5 rekommendation av auktorisationsn\u00e4mnden att de inte f\u00e5r beh\u00e5lla sin auktorisation. Vilka f\u00f6retag detta g\u00e4ller, och grunderna f\u00f6r beslut \u00e4r inte offentligt. De \u00e4r dock v\u00e4lkomna tillbaka med ny auktorisationsans\u00f6kan efter sex m\u00e5nader, n\u00e4r de \u00e5ter uppfyller Kompetensf\u00f6retagens krav.<\/p>\n\n\n\n<p>Kompetensf\u00f6retagens auktorisationsn\u00e4mnd leds av G\u00f6ran H\u00e4gglund, och \u00f6vriga deltagare i n\u00e4mnden \u00e4r representanter f\u00f6r Kompetensf\u00f6retagen, Akademikerf\u00f6rbunden, LO-f\u00f6rbunden och Unionen.<\/p>\n\n\n\n<figure class=\"wp-block-image aligncenter\"><img decoding=\"async\" src=\"https:\/\/www.kompetensforetagen.se\/app\/uploads\/sites\/5\/imported\/alla-auktorisationer-lores450px.jpg\" alt=\"alla_auktorisationer_lores450px\" \/><\/figure>\n","protected":false},"excerpt":{"rendered":"<p>Vid det senaste m\u00f6tet med Kompetensf\u00f6retagens auktorisationsn\u00e4mnd rekommenderade den 141 f\u00f6retag f\u00f6r auktorisation. Av dem var det elva som auktoriserades f\u00f6r f\u00f6rsta g\u00e5ngen. Alla uppfyller de Kompetensf\u00f6retagens krav, som att de varit verksamma i minst &hellip;<\/p>\n","protected":false},"author":6358,"featured_media":10251,"comment_status":"closed","ping_status":"closed","sticky":false,"template":"","format":"standard","meta":{"_acf_changed":false,"footnotes":""},"categories":[17],"tags":[],"article_type":[8],"agreement":[],"for-members":[],"class_list":["post-10233","post","type-post","status-publish","format-standard","has-post-thumbnail","hentry","category-auktorisation","type-aktuellt"],"acf":[],"yoast_head":"<!-- This site is optimized with the Yoast SEO Premium plugin v26.8 (Yoast SEO v26.8) - https:\/\/yoast.com\/product\/yoast-seo-premium-wordpress\/ -->\n<title>Elva nya auktoriserade f\u00f6retag och fyra f\u00f6rlorar auktorisationen - Kompetensf\u00f6retagen<\/title>\n<meta name=\"description\" content=\"De f\u00f6retag som nu godk\u00e4nts f\u00f6r auktorisation av Kompetensf\u00f6retagens styrelse har meddelats detta.\" \/>\n<meta name=\"robots\" content=\"index, follow, max-snippet:-1, max-image-preview:large, max-video-preview:-1\" \/>\n<link rel=\"canonical\" href=\"https:\/\/www.kompetensforetagen.se\/2022\/10\/elva-nya-auktoriserade-foretag-och-fyra-forlorar-auktorisationen\/\" \/>\n<meta property=\"og:locale\" content=\"sv_SE\" \/>\n<meta property=\"og:type\" content=\"article\" \/>\n<meta property=\"og:title\" content=\"Elva nya auktoriserade f\u00f6retag och fyra f\u00f6rlorar auktorisationen\" \/>\n<meta property=\"og:description\" content=\"De f\u00f6retag som nu godk\u00e4nts f\u00f6r auktorisation av Kompetensf\u00f6retagens styrelse har meddelats detta.\" \/>\n<meta property=\"og:url\" content=\"https:\/\/www.kompetensforetagen.se\/2022\/10\/elva-nya-auktoriserade-foretag-och-fyra-forlorar-auktorisationen\/\" \/>\n<meta property=\"og:site_name\" content=\"Kompetensf\u00f6retagen\" \/>\n<meta property=\"article:published_time\" content=\"2022-10-20T09:11:40+00:00\" \/>\n<meta property=\"article:modified_time\" content=\"2023-03-22T11:15:33+00:00\" \/>\n<meta property=\"og:image\" content=\"https:\/\/www.kompetensforetagen.se\/app\/uploads\/sites\/5\/2022\/10\/pexels-pixabay-416322-scaled.jpg\" \/>\n\t<meta property=\"og:image:width\" content=\"2560\" \/>\n\t<meta property=\"og:image:height\" content=\"1707\" \/>\n\t<meta property=\"og:image:type\" content=\"image\/jpeg\" \/>\n<meta name=\"twitter:card\" content=\"summary_large_image\" \/>\n<meta name=\"twitter:label1\" content=\"Skriven av\" \/>\n\t<meta name=\"twitter:data1\" content=\"\" \/>\n\t<meta name=\"twitter:label2\" content=\"Ber\u00e4knad l\u00e4stid\" \/>\n\t<meta name=\"twitter:data2\" content=\"1 minut\" \/>\n<!-- \/ Yoast SEO Premium plugin. -->","yoast_head_json":{"title":"Elva nya auktoriserade f\u00f6retag och fyra f\u00f6rlorar auktorisationen - Kompetensf\u00f6retagen","description":"De f\u00f6retag som nu godk\u00e4nts f\u00f6r auktorisation av Kompetensf\u00f6retagens styrelse har meddelats detta.","robots":{"index":"index","follow":"follow","max-snippet":"max-snippet:-1","max-image-preview":"max-image-preview:large","max-video-preview":"max-video-preview:-1"},"canonical":"https:\/\/www.kompetensforetagen.se\/2022\/10\/elva-nya-auktoriserade-foretag-och-fyra-forlorar-auktorisationen\/","og_locale":"sv_SE","og_type":"article","og_title":"Elva nya auktoriserade f\u00f6retag och fyra f\u00f6rlorar auktorisationen","og_description":"De f\u00f6retag som nu godk\u00e4nts f\u00f6r auktorisation av Kompetensf\u00f6retagens styrelse har meddelats detta.","og_url":"https:\/\/www.kompetensforetagen.se\/2022\/10\/elva-nya-auktoriserade-foretag-och-fyra-forlorar-auktorisationen\/","og_site_name":"Kompetensf\u00f6retagen","article_published_time":"2022-10-20T09:11:40+00:00","article_modified_time":"2023-03-22T11:15:33+00:00","og_image":[{"width":2560,"height":1707,"url":"https:\/\/www.kompetensforetagen.se\/app\/uploads\/sites\/5\/2022\/10\/pexels-pixabay-416322-scaled.jpg","type":"image\/jpeg"}],"twitter_card":"summary_large_image","twitter_misc":{"Skriven av":"","Ber\u00e4knad l\u00e4stid":"1 minut"},"schema":{"@context":"https:\/\/schema.org","@graph":[{"@type":"Article","@id":"https:\/\/www.kompetensforetagen.se\/2022\/10\/elva-nya-auktoriserade-foretag-och-fyra-forlorar-auktorisationen\/#article","isPartOf":{"@id":"https:\/\/www.kompetensforetagen.se\/2022\/10\/elva-nya-auktoriserade-foretag-och-fyra-forlorar-auktorisationen\/"},"author":{"name":"","@id":""},"headline":"Elva nya auktoriserade f\u00f6retag och fyra f\u00f6rlorar auktorisationen","datePublished":"2022-10-20T09:11:40+00:00","dateModified":"2023-03-22T11:15:33+00:00","mainEntityOfPage":{"@id":"https:\/\/www.kompetensforetagen.se\/2022\/10\/elva-nya-auktoriserade-foretag-och-fyra-forlorar-auktorisationen\/"},"wordCount":202,"publisher":{"@id":"https:\/\/www.kompetensforetagen.se\/#organization"},"image":{"@id":"https:\/\/www.kompetensforetagen.se\/2022\/10\/elva-nya-auktoriserade-foretag-och-fyra-forlorar-auktorisationen\/#primaryimage"},"thumbnailUrl":"https:\/\/www.kompetensforetagen.se\/app\/uploads\/sites\/5\/2022\/10\/pexels-pixabay-416322-scaled.jpg","articleSection":["Auktorisation"],"inLanguage":"sv-SE"},{"@type":"WebPage","@id":"https:\/\/www.kompetensforetagen.se\/2022\/10\/elva-nya-auktoriserade-foretag-och-fyra-forlorar-auktorisationen\/","url":"https:\/\/www.kompetensforetagen.se\/2022\/10\/elva-nya-auktoriserade-foretag-och-fyra-forlorar-auktorisationen\/","name":"Elva nya auktoriserade f\u00f6retag och fyra f\u00f6rlorar auktorisationen - Kompetensf\u00f6retagen","isPartOf":{"@id":"https:\/\/www.kompetensforetagen.se\/#website"},"primaryImageOfPage":{"@id":"https:\/\/www.kompetensforetagen.se\/2022\/10\/elva-nya-auktoriserade-foretag-och-fyra-forlorar-auktorisationen\/#primaryimage"},"image":{"@id":"https:\/\/www.kompetensforetagen.se\/2022\/10\/elva-nya-auktoriserade-foretag-och-fyra-forlorar-auktorisationen\/#primaryimage"},"thumbnailUrl":"https:\/\/www.kompetensforetagen.se\/app\/uploads\/sites\/5\/2022\/10\/pexels-pixabay-416322-scaled.jpg","datePublished":"2022-10-20T09:11:40+00:00","dateModified":"2023-03-22T11:15:33+00:00","description":"De f\u00f6retag som nu godk\u00e4nts f\u00f6r auktorisation av Kompetensf\u00f6retagens styrelse har meddelats detta.","breadcrumb":{"@id":"https:\/\/www.kompetensforetagen.se\/2022\/10\/elva-nya-auktoriserade-foretag-och-fyra-forlorar-auktorisationen\/#breadcrumb"},"inLanguage":"sv-SE","potentialAction":[{"@type":"ReadAction","target":["https:\/\/www.kompetensforetagen.se\/2022\/10\/elva-nya-auktoriserade-foretag-och-fyra-forlorar-auktorisationen\/"]}]},{"@type":"ImageObject","inLanguage":"sv-SE","@id":"https:\/\/www.kompetensforetagen.se\/2022\/10\/elva-nya-auktoriserade-foretag-och-fyra-forlorar-auktorisationen\/#primaryimage","url":"https:\/\/www.kompetensforetagen.se\/app\/uploads\/sites\/5\/2022\/10\/pexels-pixabay-416322-scaled.jpg","contentUrl":"https:\/\/www.kompetensforetagen.se\/app\/uploads\/sites\/5\/2022\/10\/pexels-pixabay-416322-scaled.jpg","width":2560,"height":1707,"caption":"Auktorisation"},{"@type":"BreadcrumbList","@id":"https:\/\/www.kompetensforetagen.se\/2022\/10\/elva-nya-auktoriserade-foretag-och-fyra-forlorar-auktorisationen\/#breadcrumb","itemListElement":[{"@type":"ListItem","position":1,"name":"Home","item":"https:\/\/www.kompetensforetagen.se\/"},{"@type":"ListItem","position":2,"name":"Elva nya auktoriserade f\u00f6retag och fyra f\u00f6rlorar auktorisationen"}]},{"@type":"WebSite","@id":"https:\/\/www.kompetensforetagen.se\/#website","url":"https:\/\/www.kompetensforetagen.se\/","name":"Kompetensf\u00f6retagen","description":"R\u00e4tt person p\u00e5 r\u00e4tt plats kan f\u00f6r\u00e4ndra v\u00e4rlden","publisher":{"@id":"https:\/\/www.kompetensforetagen.se\/#organization"},"potentialAction":[{"@type":"SearchAction","target":{"@type":"EntryPoint","urlTemplate":"https:\/\/www.kompetensforetagen.se\/?s={search_term_string}"},"query-input":{"@type":"PropertyValueSpecification","valueRequired":true,"valueName":"search_term_string"}}],"inLanguage":"sv-SE"},{"@type":"Organization","@id":"https:\/\/www.kompetensforetagen.se\/#organization","name":"Kompetensf\u00f6retagen","url":"https:\/\/www.kompetensforetagen.se\/","logo":{"@type":"ImageObject","inLanguage":"sv-SE","@id":"https:\/\/www.kompetensforetagen.se\/#\/schema\/logo\/image\/","url":"https:\/\/www.kompetensforetagen.se\/app\/uploads\/sites\/5\/2022\/10\/logga_svart.png","contentUrl":"https:\/\/www.kompetensforetagen.se\/app\/uploads\/sites\/5\/2022\/10\/logga_svart.png","width":752,"height":64,"caption":"Kompetensf\u00f6retagen"},"image":{"@id":"https:\/\/www.kompetensforetagen.se\/#\/schema\/logo\/image\/"},"sameAs":["https:\/\/www.linkedin.com\/company\/10540032\/"]},{"@type":"Person","@id":"","url":"https:\/\/www.kompetensforetagen.se\/person\/"}]}},"_links":{"self":[{"href":"https:\/\/www.kompetensforetagen.se\/api\/wp\/v2\/posts\/10233","targetHints":{"allow":["GET"]}}],"collection":[{"href":"https:\/\/www.kompetensforetagen.se\/api\/wp\/v2\/posts"}],"about":[{"href":"https:\/\/www.kompetensforetagen.se\/api\/wp\/v2\/types\/post"}],"author":[{"embeddable":true,"href":"https:\/\/www.kompetensforetagen.se\/api\/wp\/v2\/users\/6358"}],"replies":[{"embeddable":true,"href":"https:\/\/www.kompetensforetagen.se\/api\/wp\/v2\/comments?post=10233"}],"version-history":[{"count":1,"href":"https:\/\/www.kompetensforetagen.se\/api\/wp\/v2\/posts\/10233\/revisions"}],"predecessor-version":[{"id":11595,"href":"https:\/\/www.kompetensforetagen.se\/api\/wp\/v2\/posts\/10233\/revisions\/11595"}],"wp:featuredmedia":[{"embeddable":true,"href":"https:\/\/www.kompetensforetagen.se\/api\/wp\/v2\/media\/10251"}],"wp:attachment":[{"href":"https:\/\/www.kompetensforetagen.se\/api\/wp\/v2\/media?parent=10233"}],"wp:term":[{"taxonomy":"category","embeddable":true,"href":"https:\/\/www.kompetensforetagen.se\/api\/wp\/v2\/categories?post=10233"},{"taxonomy":"post_tag","embeddable":true,"href":"https:\/\/www.kompetensforetagen.se\/api\/wp\/v2\/tags?post=10233"},{"taxonomy":"type","embeddable":true,"href":"https:\/\/www.kompetensforetagen.se\/api\/wp\/v2\/article_type?post=10233"},{"taxonomy":"agreement","embeddable":true,"href":"https:\/\/www.kompetensforetagen.se\/api\/wp\/v2\/agreement?post=10233"},{"taxonomy":"for-members","embeddable":true,"href":"https:\/\/www.kompetensforetagen.se\/api\/wp\/v2\/for-members?post=10233"}],"curies":[{"name":"wp","href":"https:\/\/api.w.org\/{rel}","templated":true}]}}