{"id":10228,"date":"2022-10-14T14:48:50","date_gmt":"2022-10-14T12:48:50","guid":{"rendered":"https:\/\/www.kompetensforetagen.se\/?p=10228"},"modified":"2023-08-15T11:41:08","modified_gmt":"2023-08-15T09:41:08","slug":"vinnare-av-arets-konsult-2022","status":"publish","type":"post","link":"https:\/\/www.kompetensforetagen.se\/2022\/10\/vinnare-av-arets-konsult-2022\/","title":{"rendered":"Vinnarintervju med Ayman Saado &#8211; \u00c5rets konsult\u00a02022"},"content":{"rendered":"\n<p><span style=\"background-color: transparent;font-size: 1rem\" data-contrast=\"none\">F\u00f6rra veckan delades Kompetensf\u00f6retagens pris \u00c5rets konsult 2022 ut. Vi \u00e4r givetvis nyfikna p\u00e5 att veta mer om 32-\u00e5rige Ayman Saado fr\u00e5n Angered, och har intervjuat den omtumlade vinnaren.<\/span><span style=\"background-color: transparent;font-size: 1rem\" data-ccp-props=\"{&quot;201341983&quot;:0,&quot;335559739&quot;:160,&quot;335559740&quot;:259}\">&nbsp;<\/span><\/p>\n\n\n\n<p><strong>F\u00f6rst m\u00e5ste vi ta den klassiska sportfr\u00e5gan. Hur k\u00e4nns det?<br><\/strong><span style=\"background-color: transparent;font-size: 1rem\" data-contrast=\"none\">\u2014 Det k\u00e4nns v\u00e4ldigt bra, jag \u00e4r chockad, stolt och v\u00e4ldigt glad \u00f6ver detta!<\/span><span style=\"background-color: transparent;font-size: 1rem\" data-ccp-props=\"{&quot;201341983&quot;:0,&quot;335559685&quot;:0,&quot;335559739&quot;:160,&quot;335559740&quot;:259}\">&nbsp;<\/span><\/p>\n\n\n\n<p><span style=\"background-color: transparent;font-size: 1.0625rem;font-weight: bold\"><strong>Vad g\u00f6r du p\u00e5 jobbet?<\/strong><br><\/span><span style=\"background-color: transparent;font-size: 1rem\" data-contrast=\"none\">\u2014 Jag arbetar som fordonsmont\u00f6r p\u00e5 IAC d\u00e4r vi monterar d\u00f6rrpaneler som vi sedan skickar till Volvo. S\u00e5 jag jobbar med att montera delar som armst\u00f6d, d\u00f6rrhandtag, h\u00f6gtalare, fickor \u2013 allt som finns p\u00e5 insidan av bild\u00f6rrarna helt enkelt.<\/span><\/p>\n\n\n\n<p><span style=\"background-color: transparent;font-size: 1.0625rem;font-weight: bold\"><strong>Hur l\u00e4nge har du jobbat som konsult?<\/strong><br><\/span><span style=\"background-color: transparent;font-size: 1rem\" data-contrast=\"none\">\u2014 Jag har jobbat som konsult hos <a href=\"https:\/\/tranpenad.se\/\" target=\"_blank\" rel=\"noopener\">Tranpenad<\/a> i n\u00e4stan exakt ett \u00e5r, sedan 19 oktober 2021.<\/span><span style=\"background-color: transparent;font-size: 1rem\" data-ccp-props=\"{&quot;201341983&quot;:0,&quot;335559685&quot;:0,&quot;335559739&quot;:160,&quot;335559740&quot;:259}\">&nbsp;<\/span><\/p>\n\n\n\n<figure class=\"wp-block-image aligncenter\"><img loading=\"lazy\" decoding=\"async\" width=\"1024\" height=\"683\" src=\"https:\/\/www.almega.se\/app\/uploads\/sites\/5\/2022\/10\/img_4533.jpg\" alt=\"\" class=\"wp-image-10245\" srcset=\"https:\/\/www.kompetensforetagen.se\/app\/uploads\/sites\/5\/2022\/10\/img_4533.jpg 1024w, https:\/\/www.kompetensforetagen.se\/app\/uploads\/sites\/5\/2022\/10\/img_4533-580x387.jpg 580w, https:\/\/www.kompetensforetagen.se\/app\/uploads\/sites\/5\/2022\/10\/img_4533-380x253.jpg 380w, https:\/\/www.kompetensforetagen.se\/app\/uploads\/sites\/5\/2022\/10\/img_4533-768x512.jpg 768w\" sizes=\"auto, (max-width: 1024px) 100vw, 1024px\" \/><\/figure>\n\n\n\n<p><strong><span style=\"background-color: transparent;font-size: 1.0625rem\">Trivs du med ditt jobb?<\/span><\/strong><span style=\"background-color: transparent;font-size: 1.0625rem;font-weight: bold\" data-ccp-props=\"{&quot;201341983&quot;:0,&quot;335559739&quot;:160,&quot;335559740&quot;:259}\"><br><\/span><span style=\"background-color: transparent;font-size: 1rem\" data-contrast=\"none\">\u2014 Jag \u00e4lskar mitt jobb! Jag \u00e4r j\u00e4tteglad \u00f6ver att jag f\u00e5r vara p\u00e5 <a href=\"https:\/\/www.iacgroup.com\/\" target=\"_blank\" rel=\"noopener\">IAC<\/a> och m\u00e5r v\u00e4ldigt bra d\u00e4r, alla mina kollegor och arbetsledare \u00e4r v\u00e4ldigt sn\u00e4lla och bra.<\/span><span style=\"background-color: transparent;font-size: 1rem\" data-ccp-props=\"{&quot;201341983&quot;:0,&quot;335559685&quot;:0,&quot;335559739&quot;:160,&quot;335559740&quot;:259}\">&nbsp;<\/span><span style=\"background-color: transparent;font-size: 1rem\" data-contrast=\"none\">&nbsp;<\/span><\/p>\n\n\n\n<p><span style=\"background-color: transparent;font-size: 1.0625rem;font-weight: bold\"><strong>Vad g\u00f6r du n\u00e4r du inte jobbar?<\/strong><br><\/span><span style=\"background-color: transparent;font-size: 1rem\" data-contrast=\"none\">\u2014 N\u00e4r jag inte jobbar \u00e4r jag ofta med v\u00e4nner. Vi brukar umg\u00e5s och bara ta det lugnt &#8211; dricka kaffe, laga mat, g\u00e5 p\u00e5 restaurang. Jag gillar ocks\u00e5 att simma och tycker om att r\u00f6ra p\u00e5 mig mycket.<\/span><span style=\"background-color: transparent;font-size: 1rem\" data-ccp-props=\"{&quot;201341983&quot;:0,&quot;335559685&quot;:0,&quot;335559739&quot;:160,&quot;335559740&quot;:259}\">&nbsp;<\/span><b style=\"background-color: transparent;font-size: 1rem\"><span data-contrast=\"none\">&nbsp;<\/span><\/b><span style=\"background-color: transparent;font-size: 1rem\" data-ccp-props=\"{&quot;201341983&quot;:0,&quot;335559739&quot;:160,&quot;335559740&quot;:259}\">&nbsp;<\/span><\/p>\n\n\n\n<p><strong>Kan du ber\u00e4tta om n\u00e5got speciellt tillf\u00e4lle som varit extra roligt p\u00e5 jobbet?<\/strong><br><span style=\"background-color: transparent;font-size: 1rem\" data-contrast=\"none\">\u2014 Det \u00e4r sp\u00e4nnande just nu d\u00e5 vi efter semestern har \u00e4ndrat om en del i fabriken vilket inneb\u00e4r mycket nytt att l\u00e4ra sig, en utmaning som jag tycker k\u00e4nns kul. Annars skulle jag s\u00e4ga n\u00e4r vi bjuds p\u00e5 glass under varma sommardagar, haha. P\u00e5 sommaren kan det bli varmt n\u00e4r man jobbar fort och d\u00e5 blir man v\u00e4ldigt glad \u00f6ver en ov\u00e4ntad glass!<\/span><\/p>\n\n\n\n<p><span style=\"color: #333333\"><strong>Vilken organisation valde du att sk\u00e4nka pengar till och varf\u00f6r?<br><\/strong><\/span><span data-contrast=\"none\" style=\"background-color: transparent;font-size: 1rem\">\u2014 <a href=\"https:\/\/sverigeforunhcr.se\/\" target=\"_blank\" rel=\"noopener\">UNHCR<\/a>. Jag vill hj\u00e4lpa&nbsp;flyktingar som l\u00e4mnar sitt land! &nbsp;<\/span><\/p>\n\n\n\n<figure class=\"wp-block-table\"><table class=\"has-secondary-background-color has-background\"><tbody><tr><td><strong>Namn: <\/strong>Ayman Saado<br><strong>\u00c5lder: <\/strong>32<br><strong>Bor: <\/strong>I Angered<br><strong>Aktuell som: <\/strong>Vinnare av \u00c5rets konsult 2022<br><strong>Dr\u00f6mmer om:<\/strong> Ett hus vid vattnet<\/td><\/tr><\/tbody><\/table><\/figure>\n\n\n\n<p><\/p>\n","protected":false},"excerpt":{"rendered":"<p>F\u00f6rra veckan delades Kompetensf\u00f6retagens pris \u00c5rets konsult 2022 ut. Vi \u00e4r givetvis nyfikna p\u00e5 att veta mer om 32-\u00e5rige Ayman Saado fr\u00e5n Angered, och har intervjuat den omtumlade vinnaren.&nbsp; F\u00f6rst m\u00e5ste vi ta den klassiska &hellip;<\/p>\n","protected":false},"author":6358,"featured_media":10248,"comment_status":"closed","ping_status":"closed","sticky":false,"template":"","format":"standard","meta":{"_acf_changed":false,"footnotes":""},"categories":[204],"tags":[],"article_type":[8],"agreement":[],"for-members":[],"class_list":["post-10228","post","type-post","status-publish","format-standard","has-post-thumbnail","hentry","category-konsult","type-aktuellt"],"acf":[],"yoast_head":"<!-- This site is optimized with the Yoast SEO Premium plugin v26.8 (Yoast SEO v26.8) - https:\/\/yoast.com\/product\/yoast-seo-premium-wordpress\/ -->\n<title>Vinnarintervju med Ayman Saado - \u00c5rets konsult\u00a02022 - Kompetensf\u00f6retagen<\/title>\n<meta name=\"description\" content=\"Intervju med vinnaren av \u00e5rets konsult 2022 som delats ut av Kompetensf\u00f6retagen. Ayman Saado svarar p\u00e5 fr\u00e5gorna.\" \/>\n<meta name=\"robots\" content=\"index, follow, max-snippet:-1, max-image-preview:large, max-video-preview:-1\" \/>\n<link rel=\"canonical\" href=\"https:\/\/www.kompetensforetagen.se\/2022\/10\/vinnare-av-arets-konsult-2022\/\" \/>\n<meta property=\"og:locale\" content=\"sv_SE\" \/>\n<meta property=\"og:type\" content=\"article\" \/>\n<meta property=\"og:title\" content=\"Vinnarintervju med Ayman Saado - \u00c5rets konsult\u00a02022\" \/>\n<meta property=\"og:description\" content=\"Intervju med vinnaren av \u00e5rets konsult 2022 som delats ut av Kompetensf\u00f6retagen. Ayman Saado svarar p\u00e5 fr\u00e5gorna.\" \/>\n<meta property=\"og:url\" content=\"https:\/\/www.kompetensforetagen.se\/2022\/10\/vinnare-av-arets-konsult-2022\/\" \/>\n<meta property=\"og:site_name\" content=\"Kompetensf\u00f6retagen\" \/>\n<meta property=\"article:published_time\" content=\"2022-10-14T12:48:50+00:00\" \/>\n<meta property=\"article:modified_time\" content=\"2023-08-15T09:41:08+00:00\" \/>\n<meta property=\"og:image\" content=\"https:\/\/www.kompetensforetagen.se\/app\/uploads\/sites\/5\/2022\/10\/img_4552.png\" \/>\n\t<meta property=\"og:image:width\" content=\"1024\" \/>\n\t<meta property=\"og:image:height\" content=\"683\" \/>\n\t<meta property=\"og:image:type\" content=\"image\/png\" \/>\n<meta name=\"twitter:card\" content=\"summary_large_image\" \/>\n<meta name=\"twitter:label1\" content=\"Skriven av\" \/>\n\t<meta name=\"twitter:data1\" content=\"\" \/>\n\t<meta name=\"twitter:label2\" content=\"Ber\u00e4knad l\u00e4stid\" \/>\n\t<meta name=\"twitter:data2\" content=\"2 minuter\" \/>\n<!-- \/ Yoast SEO Premium plugin. -->","yoast_head_json":{"title":"Vinnarintervju med Ayman Saado - \u00c5rets konsult\u00a02022 - Kompetensf\u00f6retagen","description":"Intervju med vinnaren av \u00e5rets konsult 2022 som delats ut av Kompetensf\u00f6retagen. Ayman Saado svarar p\u00e5 fr\u00e5gorna.","robots":{"index":"index","follow":"follow","max-snippet":"max-snippet:-1","max-image-preview":"max-image-preview:large","max-video-preview":"max-video-preview:-1"},"canonical":"https:\/\/www.kompetensforetagen.se\/2022\/10\/vinnare-av-arets-konsult-2022\/","og_locale":"sv_SE","og_type":"article","og_title":"Vinnarintervju med Ayman Saado - \u00c5rets konsult\u00a02022","og_description":"Intervju med vinnaren av \u00e5rets konsult 2022 som delats ut av Kompetensf\u00f6retagen. Ayman Saado svarar p\u00e5 fr\u00e5gorna.","og_url":"https:\/\/www.kompetensforetagen.se\/2022\/10\/vinnare-av-arets-konsult-2022\/","og_site_name":"Kompetensf\u00f6retagen","article_published_time":"2022-10-14T12:48:50+00:00","article_modified_time":"2023-08-15T09:41:08+00:00","og_image":[{"width":1024,"height":683,"url":"https:\/\/www.kompetensforetagen.se\/app\/uploads\/sites\/5\/2022\/10\/img_4552.png","type":"image\/png"}],"twitter_card":"summary_large_image","twitter_misc":{"Skriven av":"","Ber\u00e4knad l\u00e4stid":"2 minuter"},"schema":{"@context":"https:\/\/schema.org","@graph":[{"@type":"Article","@id":"https:\/\/www.kompetensforetagen.se\/2022\/10\/vinnare-av-arets-konsult-2022\/#article","isPartOf":{"@id":"https:\/\/www.kompetensforetagen.se\/2022\/10\/vinnare-av-arets-konsult-2022\/"},"author":{"name":"","@id":""},"headline":"Vinnarintervju med Ayman Saado &#8211; \u00c5rets konsult\u00a02022","datePublished":"2022-10-14T12:48:50+00:00","dateModified":"2023-08-15T09:41:08+00:00","mainEntityOfPage":{"@id":"https:\/\/www.kompetensforetagen.se\/2022\/10\/vinnare-av-arets-konsult-2022\/"},"wordCount":375,"publisher":{"@id":"https:\/\/www.kompetensforetagen.se\/#organization"},"image":{"@id":"https:\/\/www.kompetensforetagen.se\/2022\/10\/vinnare-av-arets-konsult-2022\/#primaryimage"},"thumbnailUrl":"https:\/\/www.kompetensforetagen.se\/app\/uploads\/sites\/5\/2022\/10\/img_4552.png","articleSection":["Konsult"],"inLanguage":"sv-SE"},{"@type":"WebPage","@id":"https:\/\/www.kompetensforetagen.se\/2022\/10\/vinnare-av-arets-konsult-2022\/","url":"https:\/\/www.kompetensforetagen.se\/2022\/10\/vinnare-av-arets-konsult-2022\/","name":"Vinnarintervju med Ayman Saado - \u00c5rets konsult\u00a02022 - Kompetensf\u00f6retagen","isPartOf":{"@id":"https:\/\/www.kompetensforetagen.se\/#website"},"primaryImageOfPage":{"@id":"https:\/\/www.kompetensforetagen.se\/2022\/10\/vinnare-av-arets-konsult-2022\/#primaryimage"},"image":{"@id":"https:\/\/www.kompetensforetagen.se\/2022\/10\/vinnare-av-arets-konsult-2022\/#primaryimage"},"thumbnailUrl":"https:\/\/www.kompetensforetagen.se\/app\/uploads\/sites\/5\/2022\/10\/img_4552.png","datePublished":"2022-10-14T12:48:50+00:00","dateModified":"2023-08-15T09:41:08+00:00","description":"Intervju med vinnaren av \u00e5rets konsult 2022 som delats ut av Kompetensf\u00f6retagen. Ayman Saado svarar p\u00e5 fr\u00e5gorna.","breadcrumb":{"@id":"https:\/\/www.kompetensforetagen.se\/2022\/10\/vinnare-av-arets-konsult-2022\/#breadcrumb"},"inLanguage":"sv-SE","potentialAction":[{"@type":"ReadAction","target":["https:\/\/www.kompetensforetagen.se\/2022\/10\/vinnare-av-arets-konsult-2022\/"]}]},{"@type":"ImageObject","inLanguage":"sv-SE","@id":"https:\/\/www.kompetensforetagen.se\/2022\/10\/vinnare-av-arets-konsult-2022\/#primaryimage","url":"https:\/\/www.kompetensforetagen.se\/app\/uploads\/sites\/5\/2022\/10\/img_4552.png","contentUrl":"https:\/\/www.kompetensforetagen.se\/app\/uploads\/sites\/5\/2022\/10\/img_4552.png","width":1024,"height":683,"caption":"F\u00f6rra veckan delades Kompetensf\u00f6retagens pris \u00c5rets konsult 2022 ut. Vi \u00e4r givetvis nyfikna p\u00e5 att veta mer om 32-\u00e5rige Ayman Saado fr\u00e5n Angered"},{"@type":"BreadcrumbList","@id":"https:\/\/www.kompetensforetagen.se\/2022\/10\/vinnare-av-arets-konsult-2022\/#breadcrumb","itemListElement":[{"@type":"ListItem","position":1,"name":"Home","item":"https:\/\/www.kompetensforetagen.se\/"},{"@type":"ListItem","position":2,"name":"Vinnarintervju med Ayman Saado &#8211; \u00c5rets konsult\u00a02022"}]},{"@type":"WebSite","@id":"https:\/\/www.kompetensforetagen.se\/#website","url":"https:\/\/www.kompetensforetagen.se\/","name":"Kompetensf\u00f6retagen","description":"R\u00e4tt person p\u00e5 r\u00e4tt plats kan f\u00f6r\u00e4ndra v\u00e4rlden","publisher":{"@id":"https:\/\/www.kompetensforetagen.se\/#organization"},"potentialAction":[{"@type":"SearchAction","target":{"@type":"EntryPoint","urlTemplate":"https:\/\/www.kompetensforetagen.se\/?s={search_term_string}"},"query-input":{"@type":"PropertyValueSpecification","valueRequired":true,"valueName":"search_term_string"}}],"inLanguage":"sv-SE"},{"@type":"Organization","@id":"https:\/\/www.kompetensforetagen.se\/#organization","name":"Kompetensf\u00f6retagen","url":"https:\/\/www.kompetensforetagen.se\/","logo":{"@type":"ImageObject","inLanguage":"sv-SE","@id":"https:\/\/www.kompetensforetagen.se\/#\/schema\/logo\/image\/","url":"https:\/\/www.kompetensforetagen.se\/app\/uploads\/sites\/5\/2022\/10\/logga_svart.png","contentUrl":"https:\/\/www.kompetensforetagen.se\/app\/uploads\/sites\/5\/2022\/10\/logga_svart.png","width":752,"height":64,"caption":"Kompetensf\u00f6retagen"},"image":{"@id":"https:\/\/www.kompetensforetagen.se\/#\/schema\/logo\/image\/"},"sameAs":["https:\/\/www.linkedin.com\/company\/10540032\/"]},{"@type":"Person","@id":"","url":"https:\/\/www.kompetensforetagen.se\/person\/"}]}},"_links":{"self":[{"href":"https:\/\/www.kompetensforetagen.se\/api\/wp\/v2\/posts\/10228","targetHints":{"allow":["GET"]}}],"collection":[{"href":"https:\/\/www.kompetensforetagen.se\/api\/wp\/v2\/posts"}],"about":[{"href":"https:\/\/www.kompetensforetagen.se\/api\/wp\/v2\/types\/post"}],"author":[{"embeddable":true,"href":"https:\/\/www.kompetensforetagen.se\/api\/wp\/v2\/users\/6358"}],"replies":[{"embeddable":true,"href":"https:\/\/www.kompetensforetagen.se\/api\/wp\/v2\/comments?post=10228"}],"version-history":[{"count":4,"href":"https:\/\/www.kompetensforetagen.se\/api\/wp\/v2\/posts\/10228\/revisions"}],"predecessor-version":[{"id":14865,"href":"https:\/\/www.kompetensforetagen.se\/api\/wp\/v2\/posts\/10228\/revisions\/14865"}],"wp:featuredmedia":[{"embeddable":true,"href":"https:\/\/www.kompetensforetagen.se\/api\/wp\/v2\/media\/10248"}],"wp:attachment":[{"href":"https:\/\/www.kompetensforetagen.se\/api\/wp\/v2\/media?parent=10228"}],"wp:term":[{"taxonomy":"category","embeddable":true,"href":"https:\/\/www.kompetensforetagen.se\/api\/wp\/v2\/categories?post=10228"},{"taxonomy":"post_tag","embeddable":true,"href":"https:\/\/www.kompetensforetagen.se\/api\/wp\/v2\/tags?post=10228"},{"taxonomy":"type","embeddable":true,"href":"https:\/\/www.kompetensforetagen.se\/api\/wp\/v2\/article_type?post=10228"},{"taxonomy":"agreement","embeddable":true,"href":"https:\/\/www.kompetensforetagen.se\/api\/wp\/v2\/agreement?post=10228"},{"taxonomy":"for-members","embeddable":true,"href":"https:\/\/www.kompetensforetagen.se\/api\/wp\/v2\/for-members?post=10228"}],"curies":[{"name":"wp","href":"https:\/\/api.w.org\/{rel}","templated":true}]}}