{"id":5,"count":55,"description":"Kompetensbristen inom v\u00e5rden \u00e4r stor vilket leder till v\u00e5rdk\u00f6er, ett \u00f6verutnyttjande av befintliga medarbetare och en hotad\r\npatients\u00e4kerhet.  Genom att vara en partner inom rekrytering, bemanning, omst\u00e4llning och andra HR-tj\u00e4nster bidrar v\u00e5ra medlemmar till att f\u00f6rb\u00e4ttra v\u00e5rden. V\u00e5ra medlemmar bidrar till att operationer kan utf\u00f6ras, k\u00f6er kortas och v\u00e5rdcentraler h\u00e5llas \u00f6ppna, det \u00e4r bra f\u00f6r patients\u00e4kerheten.","link":"https:\/\/www.kompetensforetagen.se\/amne\/vard\/","name":"V\u00e5rdbemanning","slug":"vard","taxonomy":"category","parent":0,"meta":[],"acf":[],"yoast_head":"<!-- This site is optimized with the Yoast SEO Premium plugin v26.8 (Yoast SEO v26.8) - https:\/\/yoast.com\/product\/yoast-seo-premium-wordpress\/ -->\n<title>V\u00e5rdbemanning - Kompetensf\u00f6retagen<\/title>\n<meta name=\"description\" content=\"V\u00e5rd och omsorg. Nyheter och fakta om bemanning inom v\u00e5rden, kompetensbristen och l\u00f6sningar f\u00f6r en b\u00e4ttre v\u00e5rd.\" \/>\n<meta name=\"robots\" content=\"index, follow, max-snippet:-1, max-image-preview:large, max-video-preview:-1\" \/>\n<link rel=\"canonical\" href=\"https:\/\/www.kompetensforetagen.se\/amne\/vard\/\" \/>\n<meta property=\"og:locale\" content=\"sv_SE\" \/>\n<meta property=\"og:type\" content=\"article\" \/>\n<meta property=\"og:title\" content=\"V\u00e5rdbemanning Archives\" \/>\n<meta property=\"og:description\" content=\"V\u00e5rd och omsorg. Nyheter och fakta om bemanning inom v\u00e5rden, kompetensbristen och l\u00f6sningar f\u00f6r en b\u00e4ttre v\u00e5rd.\" \/>\n<meta property=\"og:url\" content=\"https:\/\/www.kompetensforetagen.se\/amne\/vard\/\" \/>\n<meta property=\"og:site_name\" content=\"Kompetensf\u00f6retagen\" \/>\n<meta name=\"twitter:card\" content=\"summary_large_image\" \/>\n<script type=\"application\/ld+json\" class=\"yoast-schema-graph\">{\"@context\":\"https:\/\/schema.org\",\"@graph\":[{\"@type\":\"CollectionPage\",\"@id\":\"https:\/\/www.kompetensforetagen.se\/amne\/vard\/\",\"url\":\"https:\/\/www.kompetensforetagen.se\/amne\/vard\/\",\"name\":\"V\u00e5rdbemanning - Kompetensf\u00f6retagen\",\"isPartOf\":{\"@id\":\"https:\/\/www.kompetensforetagen.se\/#website\"},\"description\":\"V\u00e5rd och omsorg. Nyheter och fakta om bemanning inom v\u00e5rden, kompetensbristen och l\u00f6sningar f\u00f6r en b\u00e4ttre v\u00e5rd.\",\"breadcrumb\":{\"@id\":\"https:\/\/www.kompetensforetagen.se\/amne\/vard\/#breadcrumb\"},\"inLanguage\":\"sv-SE\"},{\"@type\":\"BreadcrumbList\",\"@id\":\"https:\/\/www.kompetensforetagen.se\/amne\/vard\/#breadcrumb\",\"itemListElement\":[{\"@type\":\"ListItem\",\"position\":1,\"name\":\"Home\",\"item\":\"https:\/\/www.kompetensforetagen.se\/\"},{\"@type\":\"ListItem\",\"position\":2,\"name\":\"V\u00e5rdbemanning\"}]},{\"@type\":\"WebSite\",\"@id\":\"https:\/\/www.kompetensforetagen.se\/#website\",\"url\":\"https:\/\/www.kompetensforetagen.se\/\",\"name\":\"Kompetensf\u00f6retagen\",\"description\":\"R\u00e4tt person p\u00e5 r\u00e4tt plats kan f\u00f6r\u00e4ndra v\u00e4rlden\",\"publisher\":{\"@id\":\"https:\/\/www.kompetensforetagen.se\/#organization\"},\"potentialAction\":[{\"@type\":\"SearchAction\",\"target\":{\"@type\":\"EntryPoint\",\"urlTemplate\":\"https:\/\/www.kompetensforetagen.se\/?s={search_term_string}\"},\"query-input\":{\"@type\":\"PropertyValueSpecification\",\"valueRequired\":true,\"valueName\":\"search_term_string\"}}],\"inLanguage\":\"sv-SE\"},{\"@type\":\"Organization\",\"@id\":\"https:\/\/www.kompetensforetagen.se\/#organization\",\"name\":\"Kompetensf\u00f6retagen\",\"url\":\"https:\/\/www.kompetensforetagen.se\/\",\"logo\":{\"@type\":\"ImageObject\",\"inLanguage\":\"sv-SE\",\"@id\":\"https:\/\/www.kompetensforetagen.se\/#\/schema\/logo\/image\/\",\"url\":\"https:\/\/www.kompetensforetagen.se\/app\/uploads\/sites\/5\/2022\/10\/logga_svart.png\",\"contentUrl\":\"https:\/\/www.kompetensforetagen.se\/app\/uploads\/sites\/5\/2022\/10\/logga_svart.png\",\"width\":752,\"height\":64,\"caption\":\"Kompetensf\u00f6retagen\"},\"image\":{\"@id\":\"https:\/\/www.kompetensforetagen.se\/#\/schema\/logo\/image\/\"},\"sameAs\":[\"https:\/\/www.linkedin.com\/company\/10540032\/\"]}]}<\/script>\n<!-- \/ Yoast SEO Premium plugin. -->","yoast_head_json":{"title":"V\u00e5rdbemanning - Kompetensf\u00f6retagen","description":"V\u00e5rd och omsorg. Nyheter och fakta om bemanning inom v\u00e5rden, kompetensbristen och l\u00f6sningar f\u00f6r en b\u00e4ttre v\u00e5rd.","robots":{"index":"index","follow":"follow","max-snippet":"max-snippet:-1","max-image-preview":"max-image-preview:large","max-video-preview":"max-video-preview:-1"},"canonical":"https:\/\/www.kompetensforetagen.se\/amne\/vard\/","og_locale":"sv_SE","og_type":"article","og_title":"V\u00e5rdbemanning Archives","og_description":"V\u00e5rd och omsorg. Nyheter och fakta om bemanning inom v\u00e5rden, kompetensbristen och l\u00f6sningar f\u00f6r en b\u00e4ttre v\u00e5rd.","og_url":"https:\/\/www.kompetensforetagen.se\/amne\/vard\/","og_site_name":"Kompetensf\u00f6retagen","twitter_card":"summary_large_image","schema":{"@context":"https:\/\/schema.org","@graph":[{"@type":"CollectionPage","@id":"https:\/\/www.kompetensforetagen.se\/amne\/vard\/","url":"https:\/\/www.kompetensforetagen.se\/amne\/vard\/","name":"V\u00e5rdbemanning - Kompetensf\u00f6retagen","isPartOf":{"@id":"https:\/\/www.kompetensforetagen.se\/#website"},"description":"V\u00e5rd och omsorg. Nyheter och fakta om bemanning inom v\u00e5rden, kompetensbristen och l\u00f6sningar f\u00f6r en b\u00e4ttre v\u00e5rd.","breadcrumb":{"@id":"https:\/\/www.kompetensforetagen.se\/amne\/vard\/#breadcrumb"},"inLanguage":"sv-SE"},{"@type":"BreadcrumbList","@id":"https:\/\/www.kompetensforetagen.se\/amne\/vard\/#breadcrumb","itemListElement":[{"@type":"ListItem","position":1,"name":"Home","item":"https:\/\/www.kompetensforetagen.se\/"},{"@type":"ListItem","position":2,"name":"V\u00e5rdbemanning"}]},{"@type":"WebSite","@id":"https:\/\/www.kompetensforetagen.se\/#website","url":"https:\/\/www.kompetensforetagen.se\/","name":"Kompetensf\u00f6retagen","description":"R\u00e4tt person p\u00e5 r\u00e4tt plats kan f\u00f6r\u00e4ndra v\u00e4rlden","publisher":{"@id":"https:\/\/www.kompetensforetagen.se\/#organization"},"potentialAction":[{"@type":"SearchAction","target":{"@type":"EntryPoint","urlTemplate":"https:\/\/www.kompetensforetagen.se\/?s={search_term_string}"},"query-input":{"@type":"PropertyValueSpecification","valueRequired":true,"valueName":"search_term_string"}}],"inLanguage":"sv-SE"},{"@type":"Organization","@id":"https:\/\/www.kompetensforetagen.se\/#organization","name":"Kompetensf\u00f6retagen","url":"https:\/\/www.kompetensforetagen.se\/","logo":{"@type":"ImageObject","inLanguage":"sv-SE","@id":"https:\/\/www.kompetensforetagen.se\/#\/schema\/logo\/image\/","url":"https:\/\/www.kompetensforetagen.se\/app\/uploads\/sites\/5\/2022\/10\/logga_svart.png","contentUrl":"https:\/\/www.kompetensforetagen.se\/app\/uploads\/sites\/5\/2022\/10\/logga_svart.png","width":752,"height":64,"caption":"Kompetensf\u00f6retagen"},"image":{"@id":"https:\/\/www.kompetensforetagen.se\/#\/schema\/logo\/image\/"},"sameAs":["https:\/\/www.linkedin.com\/company\/10540032\/"]}]}},"_links":{"self":[{"href":"https:\/\/www.kompetensforetagen.se\/api\/wp\/v2\/categories\/5","targetHints":{"allow":["GET"]}}],"collection":[{"href":"https:\/\/www.kompetensforetagen.se\/api\/wp\/v2\/categories"}],"about":[{"href":"https:\/\/www.kompetensforetagen.se\/api\/wp\/v2\/taxonomies\/category"}],"wp:post_type":[{"href":"https:\/\/www.kompetensforetagen.se\/api\/wp\/v2\/posts?categories=5"},{"href":"https:\/\/www.kompetensforetagen.se\/api\/wp\/v2\/referral?categories=5"}],"curies":[{"name":"wp","href":"https:\/\/api.w.org\/{rel}","templated":true}]}}