{"id":25,"count":4,"description":"<span data-contrast=\"auto\">Ett av Kompetensf\u00f6retagens viktiga uppdrag \u00e4r informera om och kommunicera den viktiga samh\u00e4llsnytta v\u00e5ra medlemsf\u00f6retag bidrar med. Almedalen \u00e4r en viktig arena i det arbetet. Vi har funnits p\u00e5 plats i Visby under m\u00e5nga \u00e5r. D\u00e4r har vi arrangerat egna och deltagit i andras seminarier, f\u00f6rt dialog, viktiga samtal och inte minst tr\u00e4ffat medlemmar. <\/span><span data-ccp-props=\"{\">\u00a0<\/span>\r\n\r\n&nbsp;\r\n\r\n<span data-contrast=\"auto\">P\u00e5 grund av coronapandemin st\u00e4lldes fjol\u00e5rets Almedalsvecka in, och i \u00e5r \u00e4r arrangemanget begr\u00e4nsat. Vi har d\u00e4rf\u00f6r beslutat att avvakta v\u00e5rt deltagande till n\u00e4sta \u00e5r. <\/span><span data-ccp-props=\"{\">\u00a0<\/span>","link":"https:\/\/www.kompetensforetagen.se\/amne\/almedalen\/","name":"Almedalen","slug":"almedalen","taxonomy":"category","parent":0,"meta":[],"acf":[],"yoast_head":"<!-- This site is optimized with the Yoast SEO Premium plugin v26.8 (Yoast SEO v26.8) - https:\/\/yoast.com\/product\/yoast-seo-premium-wordpress\/ -->\n<title>Kompetensf\u00f6retagen i Almedalen - en viktig arena f\u00f6r m\u00f6ten<\/title>\n<meta name=\"description\" content=\"Almedalen \u00e4r en viktig arena f\u00f6r m\u00f6ten och dialog. D\u00e4r har\u00a0vi arrangerat\u00a0egna\u00a0och deltagit i\u00a0andras\u00a0seminarier, och inte minst tr\u00e4ffat medlemmar.\u00a0\u00a0\" \/>\n<meta name=\"robots\" content=\"index, follow, max-snippet:-1, max-image-preview:large, max-video-preview:-1\" \/>\n<link rel=\"canonical\" href=\"https:\/\/www.kompetensforetagen.se\/amne\/almedalen\/\" \/>\n<meta property=\"og:locale\" content=\"sv_SE\" \/>\n<meta property=\"og:type\" content=\"article\" \/>\n<meta property=\"og:title\" content=\"Almedalen Archives\" \/>\n<meta property=\"og:description\" content=\"Almedalen \u00e4r en viktig arena f\u00f6r m\u00f6ten och dialog. D\u00e4r har\u00a0vi arrangerat\u00a0egna\u00a0och deltagit i\u00a0andras\u00a0seminarier, och inte minst tr\u00e4ffat medlemmar.\u00a0\u00a0\" \/>\n<meta property=\"og:url\" content=\"https:\/\/www.kompetensforetagen.se\/amne\/almedalen\/\" \/>\n<meta property=\"og:site_name\" content=\"Kompetensf\u00f6retagen\" \/>\n<meta name=\"twitter:card\" content=\"summary_large_image\" \/>\n<script type=\"application\/ld+json\" class=\"yoast-schema-graph\">{\"@context\":\"https:\/\/schema.org\",\"@graph\":[{\"@type\":\"CollectionPage\",\"@id\":\"https:\/\/www.kompetensforetagen.se\/amne\/almedalen\/\",\"url\":\"https:\/\/www.kompetensforetagen.se\/amne\/almedalen\/\",\"name\":\"Kompetensf\u00f6retagen i Almedalen - en viktig arena f\u00f6r m\u00f6ten\",\"isPartOf\":{\"@id\":\"https:\/\/www.kompetensforetagen.se\/#website\"},\"description\":\"Almedalen \u00e4r en viktig arena f\u00f6r m\u00f6ten och dialog. D\u00e4r har\u00a0vi arrangerat\u00a0egna\u00a0och deltagit i\u00a0andras\u00a0seminarier, och inte minst tr\u00e4ffat medlemmar.\u00a0\u00a0\",\"breadcrumb\":{\"@id\":\"https:\/\/www.kompetensforetagen.se\/amne\/almedalen\/#breadcrumb\"},\"inLanguage\":\"sv-SE\"},{\"@type\":\"BreadcrumbList\",\"@id\":\"https:\/\/www.kompetensforetagen.se\/amne\/almedalen\/#breadcrumb\",\"itemListElement\":[{\"@type\":\"ListItem\",\"position\":1,\"name\":\"Home\",\"item\":\"https:\/\/www.kompetensforetagen.se\/\"},{\"@type\":\"ListItem\",\"position\":2,\"name\":\"Almedalen\"}]},{\"@type\":\"WebSite\",\"@id\":\"https:\/\/www.kompetensforetagen.se\/#website\",\"url\":\"https:\/\/www.kompetensforetagen.se\/\",\"name\":\"Kompetensf\u00f6retagen\",\"description\":\"R\u00e4tt person p\u00e5 r\u00e4tt plats kan f\u00f6r\u00e4ndra v\u00e4rlden\",\"publisher\":{\"@id\":\"https:\/\/www.kompetensforetagen.se\/#organization\"},\"potentialAction\":[{\"@type\":\"SearchAction\",\"target\":{\"@type\":\"EntryPoint\",\"urlTemplate\":\"https:\/\/www.kompetensforetagen.se\/?s={search_term_string}\"},\"query-input\":{\"@type\":\"PropertyValueSpecification\",\"valueRequired\":true,\"valueName\":\"search_term_string\"}}],\"inLanguage\":\"sv-SE\"},{\"@type\":\"Organization\",\"@id\":\"https:\/\/www.kompetensforetagen.se\/#organization\",\"name\":\"Kompetensf\u00f6retagen\",\"url\":\"https:\/\/www.kompetensforetagen.se\/\",\"logo\":{\"@type\":\"ImageObject\",\"inLanguage\":\"sv-SE\",\"@id\":\"https:\/\/www.kompetensforetagen.se\/#\/schema\/logo\/image\/\",\"url\":\"https:\/\/www.kompetensforetagen.se\/app\/uploads\/sites\/5\/2022\/10\/logga_svart.png\",\"contentUrl\":\"https:\/\/www.kompetensforetagen.se\/app\/uploads\/sites\/5\/2022\/10\/logga_svart.png\",\"width\":752,\"height\":64,\"caption\":\"Kompetensf\u00f6retagen\"},\"image\":{\"@id\":\"https:\/\/www.kompetensforetagen.se\/#\/schema\/logo\/image\/\"},\"sameAs\":[\"https:\/\/www.linkedin.com\/company\/10540032\/\"]}]}<\/script>\n<!-- \/ Yoast SEO Premium plugin. -->","yoast_head_json":{"title":"Kompetensf\u00f6retagen i Almedalen - en viktig arena f\u00f6r m\u00f6ten","description":"Almedalen \u00e4r en viktig arena f\u00f6r m\u00f6ten och dialog. D\u00e4r har\u00a0vi arrangerat\u00a0egna\u00a0och deltagit i\u00a0andras\u00a0seminarier, och inte minst tr\u00e4ffat medlemmar.\u00a0\u00a0","robots":{"index":"index","follow":"follow","max-snippet":"max-snippet:-1","max-image-preview":"max-image-preview:large","max-video-preview":"max-video-preview:-1"},"canonical":"https:\/\/www.kompetensforetagen.se\/amne\/almedalen\/","og_locale":"sv_SE","og_type":"article","og_title":"Almedalen Archives","og_description":"Almedalen \u00e4r en viktig arena f\u00f6r m\u00f6ten och dialog. D\u00e4r har\u00a0vi arrangerat\u00a0egna\u00a0och deltagit i\u00a0andras\u00a0seminarier, och inte minst tr\u00e4ffat medlemmar.\u00a0\u00a0","og_url":"https:\/\/www.kompetensforetagen.se\/amne\/almedalen\/","og_site_name":"Kompetensf\u00f6retagen","twitter_card":"summary_large_image","schema":{"@context":"https:\/\/schema.org","@graph":[{"@type":"CollectionPage","@id":"https:\/\/www.kompetensforetagen.se\/amne\/almedalen\/","url":"https:\/\/www.kompetensforetagen.se\/amne\/almedalen\/","name":"Kompetensf\u00f6retagen i Almedalen - en viktig arena f\u00f6r m\u00f6ten","isPartOf":{"@id":"https:\/\/www.kompetensforetagen.se\/#website"},"description":"Almedalen \u00e4r en viktig arena f\u00f6r m\u00f6ten och dialog. D\u00e4r har\u00a0vi arrangerat\u00a0egna\u00a0och deltagit i\u00a0andras\u00a0seminarier, och inte minst tr\u00e4ffat medlemmar.\u00a0\u00a0","breadcrumb":{"@id":"https:\/\/www.kompetensforetagen.se\/amne\/almedalen\/#breadcrumb"},"inLanguage":"sv-SE"},{"@type":"BreadcrumbList","@id":"https:\/\/www.kompetensforetagen.se\/amne\/almedalen\/#breadcrumb","itemListElement":[{"@type":"ListItem","position":1,"name":"Home","item":"https:\/\/www.kompetensforetagen.se\/"},{"@type":"ListItem","position":2,"name":"Almedalen"}]},{"@type":"WebSite","@id":"https:\/\/www.kompetensforetagen.se\/#website","url":"https:\/\/www.kompetensforetagen.se\/","name":"Kompetensf\u00f6retagen","description":"R\u00e4tt person p\u00e5 r\u00e4tt plats kan f\u00f6r\u00e4ndra v\u00e4rlden","publisher":{"@id":"https:\/\/www.kompetensforetagen.se\/#organization"},"potentialAction":[{"@type":"SearchAction","target":{"@type":"EntryPoint","urlTemplate":"https:\/\/www.kompetensforetagen.se\/?s={search_term_string}"},"query-input":{"@type":"PropertyValueSpecification","valueRequired":true,"valueName":"search_term_string"}}],"inLanguage":"sv-SE"},{"@type":"Organization","@id":"https:\/\/www.kompetensforetagen.se\/#organization","name":"Kompetensf\u00f6retagen","url":"https:\/\/www.kompetensforetagen.se\/","logo":{"@type":"ImageObject","inLanguage":"sv-SE","@id":"https:\/\/www.kompetensforetagen.se\/#\/schema\/logo\/image\/","url":"https:\/\/www.kompetensforetagen.se\/app\/uploads\/sites\/5\/2022\/10\/logga_svart.png","contentUrl":"https:\/\/www.kompetensforetagen.se\/app\/uploads\/sites\/5\/2022\/10\/logga_svart.png","width":752,"height":64,"caption":"Kompetensf\u00f6retagen"},"image":{"@id":"https:\/\/www.kompetensforetagen.se\/#\/schema\/logo\/image\/"},"sameAs":["https:\/\/www.linkedin.com\/company\/10540032\/"]}]}},"_links":{"self":[{"href":"https:\/\/www.kompetensforetagen.se\/api\/wp\/v2\/categories\/25","targetHints":{"allow":["GET"]}}],"collection":[{"href":"https:\/\/www.kompetensforetagen.se\/api\/wp\/v2\/categories"}],"about":[{"href":"https:\/\/www.kompetensforetagen.se\/api\/wp\/v2\/taxonomies\/category"}],"wp:post_type":[{"href":"https:\/\/www.kompetensforetagen.se\/api\/wp\/v2\/posts?categories=25"},{"href":"https:\/\/www.kompetensforetagen.se\/api\/wp\/v2\/referral?categories=25"}],"curies":[{"name":"wp","href":"https:\/\/api.w.org\/{rel}","templated":true}]}}