{"id":21,"count":9,"description":"Ink\u00f6p av varor, tj\u00e4nster och byggentreprenader som g\u00f6rs av den offentliga sektorn kallas f\u00f6r offentlig upphandling och regleras av s\u00e4rskilda lagar och regler. Regelverket ska s\u00e4kerst\u00e4lla att den offentliga sektorn behandlar f\u00f6retag lika och att skattemedel anv\u00e4nds p\u00e5 r\u00e4tt s\u00e4tt. Kompetensf\u00f6retagen verkar p\u00e5 olika s\u00e4tt f\u00f6r att f\u00f6rb\u00e4ttra processen och dialogen mellan medlemmarna och de upphandlande myndigheterna.","link":"https:\/\/www.kompetensforetagen.se\/amne\/offentlig-upphandling\/","name":"Offentlig upphandling","slug":"offentlig-upphandling","taxonomy":"category","parent":0,"meta":[],"acf":[],"yoast_head":"<!-- This site is optimized with the Yoast SEO Premium plugin v26.8 (Yoast SEO v26.8) - https:\/\/yoast.com\/product\/yoast-seo-premium-wordpress\/ -->\n<title>Offentlig upphandling - Kompetensf\u00f6retagen<\/title>\n<meta name=\"description\" content=\"Offentlig upphandling. Allt du beh\u00f6ver veta om regler, krav och tips f\u00f6r att delta i eller g\u00f6ra upphandlingar av tj\u00e4nster.\" \/>\n<meta name=\"robots\" content=\"index, follow, max-snippet:-1, max-image-preview:large, max-video-preview:-1\" \/>\n<link rel=\"canonical\" href=\"https:\/\/www.kompetensforetagen.se\/amne\/offentlig-upphandling\/\" \/>\n<meta property=\"og:locale\" content=\"sv_SE\" \/>\n<meta property=\"og:type\" content=\"article\" \/>\n<meta property=\"og:title\" content=\"Offentlig upphandling Archives\" \/>\n<meta property=\"og:description\" content=\"Offentlig upphandling. Allt du beh\u00f6ver veta om regler, krav och tips f\u00f6r att delta i eller g\u00f6ra upphandlingar av tj\u00e4nster.\" \/>\n<meta property=\"og:url\" content=\"https:\/\/www.kompetensforetagen.se\/amne\/offentlig-upphandling\/\" \/>\n<meta property=\"og:site_name\" content=\"Kompetensf\u00f6retagen\" \/>\n<meta name=\"twitter:card\" content=\"summary_large_image\" \/>\n<script type=\"application\/ld+json\" class=\"yoast-schema-graph\">{\"@context\":\"https:\/\/schema.org\",\"@graph\":[{\"@type\":\"CollectionPage\",\"@id\":\"https:\/\/www.kompetensforetagen.se\/amne\/offentlig-upphandling\/\",\"url\":\"https:\/\/www.kompetensforetagen.se\/amne\/offentlig-upphandling\/\",\"name\":\"Offentlig upphandling - Kompetensf\u00f6retagen\",\"isPartOf\":{\"@id\":\"https:\/\/www.kompetensforetagen.se\/#website\"},\"description\":\"Offentlig upphandling. Allt du beh\u00f6ver veta om regler, krav och tips f\u00f6r att delta i eller g\u00f6ra upphandlingar av tj\u00e4nster.\",\"breadcrumb\":{\"@id\":\"https:\/\/www.kompetensforetagen.se\/amne\/offentlig-upphandling\/#breadcrumb\"},\"inLanguage\":\"sv-SE\"},{\"@type\":\"BreadcrumbList\",\"@id\":\"https:\/\/www.kompetensforetagen.se\/amne\/offentlig-upphandling\/#breadcrumb\",\"itemListElement\":[{\"@type\":\"ListItem\",\"position\":1,\"name\":\"Home\",\"item\":\"https:\/\/www.kompetensforetagen.se\/\"},{\"@type\":\"ListItem\",\"position\":2,\"name\":\"Offentlig upphandling\"}]},{\"@type\":\"WebSite\",\"@id\":\"https:\/\/www.kompetensforetagen.se\/#website\",\"url\":\"https:\/\/www.kompetensforetagen.se\/\",\"name\":\"Kompetensf\u00f6retagen\",\"description\":\"R\u00e4tt person p\u00e5 r\u00e4tt plats kan f\u00f6r\u00e4ndra v\u00e4rlden\",\"publisher\":{\"@id\":\"https:\/\/www.kompetensforetagen.se\/#organization\"},\"potentialAction\":[{\"@type\":\"SearchAction\",\"target\":{\"@type\":\"EntryPoint\",\"urlTemplate\":\"https:\/\/www.kompetensforetagen.se\/?s={search_term_string}\"},\"query-input\":{\"@type\":\"PropertyValueSpecification\",\"valueRequired\":true,\"valueName\":\"search_term_string\"}}],\"inLanguage\":\"sv-SE\"},{\"@type\":\"Organization\",\"@id\":\"https:\/\/www.kompetensforetagen.se\/#organization\",\"name\":\"Kompetensf\u00f6retagen\",\"url\":\"https:\/\/www.kompetensforetagen.se\/\",\"logo\":{\"@type\":\"ImageObject\",\"inLanguage\":\"sv-SE\",\"@id\":\"https:\/\/www.kompetensforetagen.se\/#\/schema\/logo\/image\/\",\"url\":\"https:\/\/www.kompetensforetagen.se\/app\/uploads\/sites\/5\/2022\/10\/logga_svart.png\",\"contentUrl\":\"https:\/\/www.kompetensforetagen.se\/app\/uploads\/sites\/5\/2022\/10\/logga_svart.png\",\"width\":752,\"height\":64,\"caption\":\"Kompetensf\u00f6retagen\"},\"image\":{\"@id\":\"https:\/\/www.kompetensforetagen.se\/#\/schema\/logo\/image\/\"},\"sameAs\":[\"https:\/\/www.linkedin.com\/company\/10540032\/\"]}]}<\/script>\n<!-- \/ Yoast SEO Premium plugin. -->","yoast_head_json":{"title":"Offentlig upphandling - Kompetensf\u00f6retagen","description":"Offentlig upphandling. Allt du beh\u00f6ver veta om regler, krav och tips f\u00f6r att delta i eller g\u00f6ra upphandlingar av tj\u00e4nster.","robots":{"index":"index","follow":"follow","max-snippet":"max-snippet:-1","max-image-preview":"max-image-preview:large","max-video-preview":"max-video-preview:-1"},"canonical":"https:\/\/www.kompetensforetagen.se\/amne\/offentlig-upphandling\/","og_locale":"sv_SE","og_type":"article","og_title":"Offentlig upphandling Archives","og_description":"Offentlig upphandling. Allt du beh\u00f6ver veta om regler, krav och tips f\u00f6r att delta i eller g\u00f6ra upphandlingar av tj\u00e4nster.","og_url":"https:\/\/www.kompetensforetagen.se\/amne\/offentlig-upphandling\/","og_site_name":"Kompetensf\u00f6retagen","twitter_card":"summary_large_image","schema":{"@context":"https:\/\/schema.org","@graph":[{"@type":"CollectionPage","@id":"https:\/\/www.kompetensforetagen.se\/amne\/offentlig-upphandling\/","url":"https:\/\/www.kompetensforetagen.se\/amne\/offentlig-upphandling\/","name":"Offentlig upphandling - Kompetensf\u00f6retagen","isPartOf":{"@id":"https:\/\/www.kompetensforetagen.se\/#website"},"description":"Offentlig upphandling. Allt du beh\u00f6ver veta om regler, krav och tips f\u00f6r att delta i eller g\u00f6ra upphandlingar av tj\u00e4nster.","breadcrumb":{"@id":"https:\/\/www.kompetensforetagen.se\/amne\/offentlig-upphandling\/#breadcrumb"},"inLanguage":"sv-SE"},{"@type":"BreadcrumbList","@id":"https:\/\/www.kompetensforetagen.se\/amne\/offentlig-upphandling\/#breadcrumb","itemListElement":[{"@type":"ListItem","position":1,"name":"Home","item":"https:\/\/www.kompetensforetagen.se\/"},{"@type":"ListItem","position":2,"name":"Offentlig upphandling"}]},{"@type":"WebSite","@id":"https:\/\/www.kompetensforetagen.se\/#website","url":"https:\/\/www.kompetensforetagen.se\/","name":"Kompetensf\u00f6retagen","description":"R\u00e4tt person p\u00e5 r\u00e4tt plats kan f\u00f6r\u00e4ndra v\u00e4rlden","publisher":{"@id":"https:\/\/www.kompetensforetagen.se\/#organization"},"potentialAction":[{"@type":"SearchAction","target":{"@type":"EntryPoint","urlTemplate":"https:\/\/www.kompetensforetagen.se\/?s={search_term_string}"},"query-input":{"@type":"PropertyValueSpecification","valueRequired":true,"valueName":"search_term_string"}}],"inLanguage":"sv-SE"},{"@type":"Organization","@id":"https:\/\/www.kompetensforetagen.se\/#organization","name":"Kompetensf\u00f6retagen","url":"https:\/\/www.kompetensforetagen.se\/","logo":{"@type":"ImageObject","inLanguage":"sv-SE","@id":"https:\/\/www.kompetensforetagen.se\/#\/schema\/logo\/image\/","url":"https:\/\/www.kompetensforetagen.se\/app\/uploads\/sites\/5\/2022\/10\/logga_svart.png","contentUrl":"https:\/\/www.kompetensforetagen.se\/app\/uploads\/sites\/5\/2022\/10\/logga_svart.png","width":752,"height":64,"caption":"Kompetensf\u00f6retagen"},"image":{"@id":"https:\/\/www.kompetensforetagen.se\/#\/schema\/logo\/image\/"},"sameAs":["https:\/\/www.linkedin.com\/company\/10540032\/"]}]}},"_links":{"self":[{"href":"https:\/\/www.kompetensforetagen.se\/api\/wp\/v2\/categories\/21","targetHints":{"allow":["GET"]}}],"collection":[{"href":"https:\/\/www.kompetensforetagen.se\/api\/wp\/v2\/categories"}],"about":[{"href":"https:\/\/www.kompetensforetagen.se\/api\/wp\/v2\/taxonomies\/category"}],"wp:post_type":[{"href":"https:\/\/www.kompetensforetagen.se\/api\/wp\/v2\/posts?categories=21"},{"href":"https:\/\/www.kompetensforetagen.se\/api\/wp\/v2\/referral?categories=21"}],"curies":[{"name":"wp","href":"https:\/\/api.w.org\/{rel}","templated":true}]}}