{"id":19,"count":19,"description":"Omst\u00e4llningsf\u00f6retagen hj\u00e4lper och st\u00f6ttar arbetsgivare, anst\u00e4llda och arbetss\u00f6kande igenom en f\u00f6r\u00e4ndringsprocess. De st\u00f6ttar de som beh\u00f6ver hitta ett nytt jobb vid arbetsskada, sjukdom och avveckling. Omst\u00e4llningsf\u00f6retagen fungerar ocks\u00e5 som jobbf\u00f6rmedlare genom att matcha efterfr\u00e5gad kompetens mot befintlig.","link":"https:\/\/www.kompetensforetagen.se\/amne\/omstallning\/","name":"Omst\u00e4llning","slug":"omstallning","taxonomy":"category","parent":0,"meta":[],"acf":[],"yoast_head":"<!-- This site is optimized with the Yoast SEO Premium plugin v26.8 (Yoast SEO v26.8) - https:\/\/yoast.com\/product\/yoast-seo-premium-wordpress\/ -->\n<title>Omst\u00e4llning - Kompetensf\u00f6retagen<\/title>\n<meta name=\"description\" content=\"Omst\u00e4llning kallas den hj\u00e4lp som g\u00e5r till den som \u00e4r arbetss\u00f6kande p\u00e5 grund av arbetsbrist, arbetsskada eller sjukdom.\" \/>\n<meta name=\"robots\" content=\"index, follow, max-snippet:-1, max-image-preview:large, max-video-preview:-1\" \/>\n<link rel=\"canonical\" href=\"https:\/\/www.kompetensforetagen.se\/amne\/omstallning\/\" \/>\n<meta property=\"og:locale\" content=\"sv_SE\" \/>\n<meta property=\"og:type\" content=\"article\" \/>\n<meta property=\"og:title\" content=\"Omst\u00e4llning Archives\" \/>\n<meta property=\"og:description\" content=\"Omst\u00e4llning kallas den hj\u00e4lp som g\u00e5r till den som \u00e4r arbetss\u00f6kande p\u00e5 grund av arbetsbrist, arbetsskada eller sjukdom.\" \/>\n<meta property=\"og:url\" content=\"https:\/\/www.kompetensforetagen.se\/amne\/omstallning\/\" \/>\n<meta property=\"og:site_name\" content=\"Kompetensf\u00f6retagen\" \/>\n<meta name=\"twitter:card\" content=\"summary_large_image\" \/>\n<script type=\"application\/ld+json\" class=\"yoast-schema-graph\">{\"@context\":\"https:\/\/schema.org\",\"@graph\":[{\"@type\":\"CollectionPage\",\"@id\":\"https:\/\/www.kompetensforetagen.se\/amne\/omstallning\/\",\"url\":\"https:\/\/www.kompetensforetagen.se\/amne\/omstallning\/\",\"name\":\"Omst\u00e4llning - Kompetensf\u00f6retagen\",\"isPartOf\":{\"@id\":\"https:\/\/www.kompetensforetagen.se\/#website\"},\"description\":\"Omst\u00e4llning kallas den hj\u00e4lp som g\u00e5r till den som \u00e4r arbetss\u00f6kande p\u00e5 grund av arbetsbrist, arbetsskada eller sjukdom.\",\"breadcrumb\":{\"@id\":\"https:\/\/www.kompetensforetagen.se\/amne\/omstallning\/#breadcrumb\"},\"inLanguage\":\"sv-SE\"},{\"@type\":\"BreadcrumbList\",\"@id\":\"https:\/\/www.kompetensforetagen.se\/amne\/omstallning\/#breadcrumb\",\"itemListElement\":[{\"@type\":\"ListItem\",\"position\":1,\"name\":\"Home\",\"item\":\"https:\/\/www.kompetensforetagen.se\/\"},{\"@type\":\"ListItem\",\"position\":2,\"name\":\"Omst\u00e4llning\"}]},{\"@type\":\"WebSite\",\"@id\":\"https:\/\/www.kompetensforetagen.se\/#website\",\"url\":\"https:\/\/www.kompetensforetagen.se\/\",\"name\":\"Kompetensf\u00f6retagen\",\"description\":\"R\u00e4tt person p\u00e5 r\u00e4tt plats kan f\u00f6r\u00e4ndra v\u00e4rlden\",\"publisher\":{\"@id\":\"https:\/\/www.kompetensforetagen.se\/#organization\"},\"potentialAction\":[{\"@type\":\"SearchAction\",\"target\":{\"@type\":\"EntryPoint\",\"urlTemplate\":\"https:\/\/www.kompetensforetagen.se\/?s={search_term_string}\"},\"query-input\":{\"@type\":\"PropertyValueSpecification\",\"valueRequired\":true,\"valueName\":\"search_term_string\"}}],\"inLanguage\":\"sv-SE\"},{\"@type\":\"Organization\",\"@id\":\"https:\/\/www.kompetensforetagen.se\/#organization\",\"name\":\"Kompetensf\u00f6retagen\",\"url\":\"https:\/\/www.kompetensforetagen.se\/\",\"logo\":{\"@type\":\"ImageObject\",\"inLanguage\":\"sv-SE\",\"@id\":\"https:\/\/www.kompetensforetagen.se\/#\/schema\/logo\/image\/\",\"url\":\"https:\/\/www.kompetensforetagen.se\/app\/uploads\/sites\/5\/2022\/10\/logga_svart.png\",\"contentUrl\":\"https:\/\/www.kompetensforetagen.se\/app\/uploads\/sites\/5\/2022\/10\/logga_svart.png\",\"width\":752,\"height\":64,\"caption\":\"Kompetensf\u00f6retagen\"},\"image\":{\"@id\":\"https:\/\/www.kompetensforetagen.se\/#\/schema\/logo\/image\/\"},\"sameAs\":[\"https:\/\/www.linkedin.com\/company\/10540032\/\"]}]}<\/script>\n<!-- \/ Yoast SEO Premium plugin. -->","yoast_head_json":{"title":"Omst\u00e4llning - Kompetensf\u00f6retagen","description":"Omst\u00e4llning kallas den hj\u00e4lp som g\u00e5r till den som \u00e4r arbetss\u00f6kande p\u00e5 grund av arbetsbrist, arbetsskada eller sjukdom.","robots":{"index":"index","follow":"follow","max-snippet":"max-snippet:-1","max-image-preview":"max-image-preview:large","max-video-preview":"max-video-preview:-1"},"canonical":"https:\/\/www.kompetensforetagen.se\/amne\/omstallning\/","og_locale":"sv_SE","og_type":"article","og_title":"Omst\u00e4llning Archives","og_description":"Omst\u00e4llning kallas den hj\u00e4lp som g\u00e5r till den som \u00e4r arbetss\u00f6kande p\u00e5 grund av arbetsbrist, arbetsskada eller sjukdom.","og_url":"https:\/\/www.kompetensforetagen.se\/amne\/omstallning\/","og_site_name":"Kompetensf\u00f6retagen","twitter_card":"summary_large_image","schema":{"@context":"https:\/\/schema.org","@graph":[{"@type":"CollectionPage","@id":"https:\/\/www.kompetensforetagen.se\/amne\/omstallning\/","url":"https:\/\/www.kompetensforetagen.se\/amne\/omstallning\/","name":"Omst\u00e4llning - Kompetensf\u00f6retagen","isPartOf":{"@id":"https:\/\/www.kompetensforetagen.se\/#website"},"description":"Omst\u00e4llning kallas den hj\u00e4lp som g\u00e5r till den som \u00e4r arbetss\u00f6kande p\u00e5 grund av arbetsbrist, arbetsskada eller sjukdom.","breadcrumb":{"@id":"https:\/\/www.kompetensforetagen.se\/amne\/omstallning\/#breadcrumb"},"inLanguage":"sv-SE"},{"@type":"BreadcrumbList","@id":"https:\/\/www.kompetensforetagen.se\/amne\/omstallning\/#breadcrumb","itemListElement":[{"@type":"ListItem","position":1,"name":"Home","item":"https:\/\/www.kompetensforetagen.se\/"},{"@type":"ListItem","position":2,"name":"Omst\u00e4llning"}]},{"@type":"WebSite","@id":"https:\/\/www.kompetensforetagen.se\/#website","url":"https:\/\/www.kompetensforetagen.se\/","name":"Kompetensf\u00f6retagen","description":"R\u00e4tt person p\u00e5 r\u00e4tt plats kan f\u00f6r\u00e4ndra v\u00e4rlden","publisher":{"@id":"https:\/\/www.kompetensforetagen.se\/#organization"},"potentialAction":[{"@type":"SearchAction","target":{"@type":"EntryPoint","urlTemplate":"https:\/\/www.kompetensforetagen.se\/?s={search_term_string}"},"query-input":{"@type":"PropertyValueSpecification","valueRequired":true,"valueName":"search_term_string"}}],"inLanguage":"sv-SE"},{"@type":"Organization","@id":"https:\/\/www.kompetensforetagen.se\/#organization","name":"Kompetensf\u00f6retagen","url":"https:\/\/www.kompetensforetagen.se\/","logo":{"@type":"ImageObject","inLanguage":"sv-SE","@id":"https:\/\/www.kompetensforetagen.se\/#\/schema\/logo\/image\/","url":"https:\/\/www.kompetensforetagen.se\/app\/uploads\/sites\/5\/2022\/10\/logga_svart.png","contentUrl":"https:\/\/www.kompetensforetagen.se\/app\/uploads\/sites\/5\/2022\/10\/logga_svart.png","width":752,"height":64,"caption":"Kompetensf\u00f6retagen"},"image":{"@id":"https:\/\/www.kompetensforetagen.se\/#\/schema\/logo\/image\/"},"sameAs":["https:\/\/www.linkedin.com\/company\/10540032\/"]}]}},"_links":{"self":[{"href":"https:\/\/www.kompetensforetagen.se\/api\/wp\/v2\/categories\/19","targetHints":{"allow":["GET"]}}],"collection":[{"href":"https:\/\/www.kompetensforetagen.se\/api\/wp\/v2\/categories"}],"about":[{"href":"https:\/\/www.kompetensforetagen.se\/api\/wp\/v2\/taxonomies\/category"}],"wp:post_type":[{"href":"https:\/\/www.kompetensforetagen.se\/api\/wp\/v2\/posts?categories=19"},{"href":"https:\/\/www.kompetensforetagen.se\/api\/wp\/v2\/referral?categories=19"}],"curies":[{"name":"wp","href":"https:\/\/api.w.org\/{rel}","templated":true}]}}