{"id":175,"count":1,"description":"Dataskyddsf\u00f6rordningen (GDPR) g\u00e4ller som lag i alla EU:s medlemsl\u00e4nder fr\u00e5n och med den 25 maj 2018. F\u00f6rordningen kommer att inneb\u00e4ra en hel del f\u00f6r\u00e4ndringar f\u00f6r de som behandlar personuppgifter och st\u00e4rkta r\u00e4ttigheter f\u00f6r den enskilde n\u00e4r det g\u00e4ller personlig integritet.","link":"https:\/\/www.kompetensforetagen.se\/amne\/dataskyddsforodningen-gdpr\/","name":"Dataskyddsf\u00f6rordningen - GDPR","slug":"dataskyddsforodningen-gdpr","taxonomy":"category","parent":0,"meta":[],"acf":[],"yoast_head":"<!-- This site is optimized with the Yoast SEO Premium plugin v26.8 (Yoast SEO v26.8) - https:\/\/yoast.com\/product\/yoast-seo-premium-wordpress\/ -->\n<title>Dataskyddsf\u00f6rordningen - GDPR - Kompetensf\u00f6retagen<\/title>\n<meta name=\"description\" content=\"GDPR och dataskydd. S\u00e5 hanterar kompetensbranschen personuppgifter. R\u00e5d och riktlinjer f\u00f6r regelefterlevnad vid rekrytering.\" \/>\n<meta name=\"robots\" content=\"index, follow, max-snippet:-1, max-image-preview:large, max-video-preview:-1\" \/>\n<link rel=\"canonical\" href=\"https:\/\/www.kompetensforetagen.se\/amne\/dataskyddsforodningen-gdpr\/\" \/>\n<meta property=\"og:locale\" content=\"sv_SE\" \/>\n<meta property=\"og:type\" content=\"article\" \/>\n<meta property=\"og:title\" content=\"Dataskyddsf\u00f6rordningen - GDPR Archives\" \/>\n<meta property=\"og:description\" content=\"GDPR och dataskydd. S\u00e5 hanterar kompetensbranschen personuppgifter. R\u00e5d och riktlinjer f\u00f6r regelefterlevnad vid rekrytering.\" \/>\n<meta property=\"og:url\" content=\"https:\/\/www.kompetensforetagen.se\/amne\/dataskyddsforodningen-gdpr\/\" \/>\n<meta property=\"og:site_name\" content=\"Kompetensf\u00f6retagen\" \/>\n<meta name=\"twitter:card\" content=\"summary_large_image\" \/>\n<script type=\"application\/ld+json\" class=\"yoast-schema-graph\">{\"@context\":\"https:\/\/schema.org\",\"@graph\":[{\"@type\":\"CollectionPage\",\"@id\":\"https:\/\/www.kompetensforetagen.se\/amne\/dataskyddsforodningen-gdpr\/\",\"url\":\"https:\/\/www.kompetensforetagen.se\/amne\/dataskyddsforodningen-gdpr\/\",\"name\":\"Dataskyddsf\u00f6rordningen - GDPR - Kompetensf\u00f6retagen\",\"isPartOf\":{\"@id\":\"https:\/\/www.kompetensforetagen.se\/#website\"},\"description\":\"GDPR och dataskydd. S\u00e5 hanterar kompetensbranschen personuppgifter. R\u00e5d och riktlinjer f\u00f6r regelefterlevnad vid rekrytering.\",\"breadcrumb\":{\"@id\":\"https:\/\/www.kompetensforetagen.se\/amne\/dataskyddsforodningen-gdpr\/#breadcrumb\"},\"inLanguage\":\"sv-SE\"},{\"@type\":\"BreadcrumbList\",\"@id\":\"https:\/\/www.kompetensforetagen.se\/amne\/dataskyddsforodningen-gdpr\/#breadcrumb\",\"itemListElement\":[{\"@type\":\"ListItem\",\"position\":1,\"name\":\"Home\",\"item\":\"https:\/\/www.kompetensforetagen.se\/\"},{\"@type\":\"ListItem\",\"position\":2,\"name\":\"Dataskyddsf\u00f6rordningen - GDPR\"}]},{\"@type\":\"WebSite\",\"@id\":\"https:\/\/www.kompetensforetagen.se\/#website\",\"url\":\"https:\/\/www.kompetensforetagen.se\/\",\"name\":\"Kompetensf\u00f6retagen\",\"description\":\"R\u00e4tt person p\u00e5 r\u00e4tt plats kan f\u00f6r\u00e4ndra v\u00e4rlden\",\"publisher\":{\"@id\":\"https:\/\/www.kompetensforetagen.se\/#organization\"},\"potentialAction\":[{\"@type\":\"SearchAction\",\"target\":{\"@type\":\"EntryPoint\",\"urlTemplate\":\"https:\/\/www.kompetensforetagen.se\/?s={search_term_string}\"},\"query-input\":{\"@type\":\"PropertyValueSpecification\",\"valueRequired\":true,\"valueName\":\"search_term_string\"}}],\"inLanguage\":\"sv-SE\"},{\"@type\":\"Organization\",\"@id\":\"https:\/\/www.kompetensforetagen.se\/#organization\",\"name\":\"Kompetensf\u00f6retagen\",\"url\":\"https:\/\/www.kompetensforetagen.se\/\",\"logo\":{\"@type\":\"ImageObject\",\"inLanguage\":\"sv-SE\",\"@id\":\"https:\/\/www.kompetensforetagen.se\/#\/schema\/logo\/image\/\",\"url\":\"https:\/\/www.kompetensforetagen.se\/app\/uploads\/sites\/5\/2022\/10\/logga_svart.png\",\"contentUrl\":\"https:\/\/www.kompetensforetagen.se\/app\/uploads\/sites\/5\/2022\/10\/logga_svart.png\",\"width\":752,\"height\":64,\"caption\":\"Kompetensf\u00f6retagen\"},\"image\":{\"@id\":\"https:\/\/www.kompetensforetagen.se\/#\/schema\/logo\/image\/\"},\"sameAs\":[\"https:\/\/www.linkedin.com\/company\/10540032\/\"]}]}<\/script>\n<!-- \/ Yoast SEO Premium plugin. -->","yoast_head_json":{"title":"Dataskyddsf\u00f6rordningen - GDPR - Kompetensf\u00f6retagen","description":"GDPR och dataskydd. S\u00e5 hanterar kompetensbranschen personuppgifter. R\u00e5d och riktlinjer f\u00f6r regelefterlevnad vid rekrytering.","robots":{"index":"index","follow":"follow","max-snippet":"max-snippet:-1","max-image-preview":"max-image-preview:large","max-video-preview":"max-video-preview:-1"},"canonical":"https:\/\/www.kompetensforetagen.se\/amne\/dataskyddsforodningen-gdpr\/","og_locale":"sv_SE","og_type":"article","og_title":"Dataskyddsf\u00f6rordningen - GDPR Archives","og_description":"GDPR och dataskydd. S\u00e5 hanterar kompetensbranschen personuppgifter. R\u00e5d och riktlinjer f\u00f6r regelefterlevnad vid rekrytering.","og_url":"https:\/\/www.kompetensforetagen.se\/amne\/dataskyddsforodningen-gdpr\/","og_site_name":"Kompetensf\u00f6retagen","twitter_card":"summary_large_image","schema":{"@context":"https:\/\/schema.org","@graph":[{"@type":"CollectionPage","@id":"https:\/\/www.kompetensforetagen.se\/amne\/dataskyddsforodningen-gdpr\/","url":"https:\/\/www.kompetensforetagen.se\/amne\/dataskyddsforodningen-gdpr\/","name":"Dataskyddsf\u00f6rordningen - GDPR - Kompetensf\u00f6retagen","isPartOf":{"@id":"https:\/\/www.kompetensforetagen.se\/#website"},"description":"GDPR och dataskydd. S\u00e5 hanterar kompetensbranschen personuppgifter. R\u00e5d och riktlinjer f\u00f6r regelefterlevnad vid rekrytering.","breadcrumb":{"@id":"https:\/\/www.kompetensforetagen.se\/amne\/dataskyddsforodningen-gdpr\/#breadcrumb"},"inLanguage":"sv-SE"},{"@type":"BreadcrumbList","@id":"https:\/\/www.kompetensforetagen.se\/amne\/dataskyddsforodningen-gdpr\/#breadcrumb","itemListElement":[{"@type":"ListItem","position":1,"name":"Home","item":"https:\/\/www.kompetensforetagen.se\/"},{"@type":"ListItem","position":2,"name":"Dataskyddsf\u00f6rordningen - GDPR"}]},{"@type":"WebSite","@id":"https:\/\/www.kompetensforetagen.se\/#website","url":"https:\/\/www.kompetensforetagen.se\/","name":"Kompetensf\u00f6retagen","description":"R\u00e4tt person p\u00e5 r\u00e4tt plats kan f\u00f6r\u00e4ndra v\u00e4rlden","publisher":{"@id":"https:\/\/www.kompetensforetagen.se\/#organization"},"potentialAction":[{"@type":"SearchAction","target":{"@type":"EntryPoint","urlTemplate":"https:\/\/www.kompetensforetagen.se\/?s={search_term_string}"},"query-input":{"@type":"PropertyValueSpecification","valueRequired":true,"valueName":"search_term_string"}}],"inLanguage":"sv-SE"},{"@type":"Organization","@id":"https:\/\/www.kompetensforetagen.se\/#organization","name":"Kompetensf\u00f6retagen","url":"https:\/\/www.kompetensforetagen.se\/","logo":{"@type":"ImageObject","inLanguage":"sv-SE","@id":"https:\/\/www.kompetensforetagen.se\/#\/schema\/logo\/image\/","url":"https:\/\/www.kompetensforetagen.se\/app\/uploads\/sites\/5\/2022\/10\/logga_svart.png","contentUrl":"https:\/\/www.kompetensforetagen.se\/app\/uploads\/sites\/5\/2022\/10\/logga_svart.png","width":752,"height":64,"caption":"Kompetensf\u00f6retagen"},"image":{"@id":"https:\/\/www.kompetensforetagen.se\/#\/schema\/logo\/image\/"},"sameAs":["https:\/\/www.linkedin.com\/company\/10540032\/"]}]}},"_links":{"self":[{"href":"https:\/\/www.kompetensforetagen.se\/api\/wp\/v2\/categories\/175","targetHints":{"allow":["GET"]}}],"collection":[{"href":"https:\/\/www.kompetensforetagen.se\/api\/wp\/v2\/categories"}],"about":[{"href":"https:\/\/www.kompetensforetagen.se\/api\/wp\/v2\/taxonomies\/category"}],"wp:post_type":[{"href":"https:\/\/www.kompetensforetagen.se\/api\/wp\/v2\/posts?categories=175"},{"href":"https:\/\/www.kompetensforetagen.se\/api\/wp\/v2\/referral?categories=175"}],"curies":[{"name":"wp","href":"https:\/\/api.w.org\/{rel}","templated":true}]}}