{"id":13,"count":10,"description":"H\u00e4r finner du nyheter och fakta om Kompetensf\u00f6retagen i den senaste avtalsr\u00f6relsen. Kompetensf\u00f6retagen finns p\u00e5 hela arbetsmarknaden och tecknar avtal med s\u00e5v\u00e4l tj\u00e4nstemannafack som alla f\u00f6rbund inom LO. Vi str\u00e4var efter de b\u00e4sta f\u00f6ruts\u00e4ttningarna f\u00f6r b\u00e5de f\u00f6retagare och medarbetare. Tillsammans skapar vi en bra arbetsmarknad.","link":"https:\/\/www.kompetensforetagen.se\/amne\/avtalsrorelse\/","name":"Avtalsr\u00f6relse","slug":"avtalsrorelse","taxonomy":"category","parent":0,"meta":[],"acf":[],"yoast_head":"<!-- This site is optimized with the Yoast SEO Premium plugin v26.8 (Yoast SEO v26.8) - https:\/\/yoast.com\/product\/yoast-seo-premium-wordpress\/ -->\n<title>Fakta och nyheter om Kompetensf\u00f6retagen i avtalsr\u00f6relsen<\/title>\n<meta name=\"description\" content=\"H\u00e4r finner du nyheter och fakta om Kompetensf\u00f6retagen i den senaste avtalsr\u00f6relsen. Tillsammans skapar vi en bra arbetsmarknad.\" \/>\n<meta name=\"robots\" content=\"index, follow, max-snippet:-1, max-image-preview:large, max-video-preview:-1\" \/>\n<link rel=\"canonical\" href=\"https:\/\/www.kompetensforetagen.se\/amne\/avtalsrorelse\/\" \/>\n<meta property=\"og:locale\" content=\"sv_SE\" \/>\n<meta property=\"og:type\" content=\"article\" \/>\n<meta property=\"og:title\" content=\"Avtalsr\u00f6relse Archives\" \/>\n<meta property=\"og:description\" content=\"H\u00e4r finner du nyheter och fakta om Kompetensf\u00f6retagen i den senaste avtalsr\u00f6relsen. Tillsammans skapar vi en bra arbetsmarknad.\" \/>\n<meta property=\"og:url\" content=\"https:\/\/www.kompetensforetagen.se\/amne\/avtalsrorelse\/\" \/>\n<meta property=\"og:site_name\" content=\"Kompetensf\u00f6retagen\" \/>\n<meta name=\"twitter:card\" content=\"summary_large_image\" \/>\n<script type=\"application\/ld+json\" class=\"yoast-schema-graph\">{\"@context\":\"https:\/\/schema.org\",\"@graph\":[{\"@type\":\"CollectionPage\",\"@id\":\"https:\/\/www.kompetensforetagen.se\/amne\/avtalsrorelse\/\",\"url\":\"https:\/\/www.kompetensforetagen.se\/amne\/avtalsrorelse\/\",\"name\":\"Fakta och nyheter om Kompetensf\u00f6retagen i avtalsr\u00f6relsen\",\"isPartOf\":{\"@id\":\"https:\/\/www.kompetensforetagen.se\/#website\"},\"description\":\"H\u00e4r finner du nyheter och fakta om Kompetensf\u00f6retagen i den senaste avtalsr\u00f6relsen. Tillsammans skapar vi en bra arbetsmarknad.\",\"breadcrumb\":{\"@id\":\"https:\/\/www.kompetensforetagen.se\/amne\/avtalsrorelse\/#breadcrumb\"},\"inLanguage\":\"sv-SE\"},{\"@type\":\"BreadcrumbList\",\"@id\":\"https:\/\/www.kompetensforetagen.se\/amne\/avtalsrorelse\/#breadcrumb\",\"itemListElement\":[{\"@type\":\"ListItem\",\"position\":1,\"name\":\"Home\",\"item\":\"https:\/\/www.kompetensforetagen.se\/\"},{\"@type\":\"ListItem\",\"position\":2,\"name\":\"Avtalsr\u00f6relse\"}]},{\"@type\":\"WebSite\",\"@id\":\"https:\/\/www.kompetensforetagen.se\/#website\",\"url\":\"https:\/\/www.kompetensforetagen.se\/\",\"name\":\"Kompetensf\u00f6retagen\",\"description\":\"R\u00e4tt person p\u00e5 r\u00e4tt plats kan f\u00f6r\u00e4ndra v\u00e4rlden\",\"publisher\":{\"@id\":\"https:\/\/www.kompetensforetagen.se\/#organization\"},\"potentialAction\":[{\"@type\":\"SearchAction\",\"target\":{\"@type\":\"EntryPoint\",\"urlTemplate\":\"https:\/\/www.kompetensforetagen.se\/?s={search_term_string}\"},\"query-input\":{\"@type\":\"PropertyValueSpecification\",\"valueRequired\":true,\"valueName\":\"search_term_string\"}}],\"inLanguage\":\"sv-SE\"},{\"@type\":\"Organization\",\"@id\":\"https:\/\/www.kompetensforetagen.se\/#organization\",\"name\":\"Kompetensf\u00f6retagen\",\"url\":\"https:\/\/www.kompetensforetagen.se\/\",\"logo\":{\"@type\":\"ImageObject\",\"inLanguage\":\"sv-SE\",\"@id\":\"https:\/\/www.kompetensforetagen.se\/#\/schema\/logo\/image\/\",\"url\":\"https:\/\/www.kompetensforetagen.se\/app\/uploads\/sites\/5\/2022\/10\/logga_svart.png\",\"contentUrl\":\"https:\/\/www.kompetensforetagen.se\/app\/uploads\/sites\/5\/2022\/10\/logga_svart.png\",\"width\":752,\"height\":64,\"caption\":\"Kompetensf\u00f6retagen\"},\"image\":{\"@id\":\"https:\/\/www.kompetensforetagen.se\/#\/schema\/logo\/image\/\"},\"sameAs\":[\"https:\/\/www.linkedin.com\/company\/10540032\/\"]}]}<\/script>\n<!-- \/ Yoast SEO Premium plugin. -->","yoast_head_json":{"title":"Fakta och nyheter om Kompetensf\u00f6retagen i avtalsr\u00f6relsen","description":"H\u00e4r finner du nyheter och fakta om Kompetensf\u00f6retagen i den senaste avtalsr\u00f6relsen. Tillsammans skapar vi en bra arbetsmarknad.","robots":{"index":"index","follow":"follow","max-snippet":"max-snippet:-1","max-image-preview":"max-image-preview:large","max-video-preview":"max-video-preview:-1"},"canonical":"https:\/\/www.kompetensforetagen.se\/amne\/avtalsrorelse\/","og_locale":"sv_SE","og_type":"article","og_title":"Avtalsr\u00f6relse Archives","og_description":"H\u00e4r finner du nyheter och fakta om Kompetensf\u00f6retagen i den senaste avtalsr\u00f6relsen. Tillsammans skapar vi en bra arbetsmarknad.","og_url":"https:\/\/www.kompetensforetagen.se\/amne\/avtalsrorelse\/","og_site_name":"Kompetensf\u00f6retagen","twitter_card":"summary_large_image","schema":{"@context":"https:\/\/schema.org","@graph":[{"@type":"CollectionPage","@id":"https:\/\/www.kompetensforetagen.se\/amne\/avtalsrorelse\/","url":"https:\/\/www.kompetensforetagen.se\/amne\/avtalsrorelse\/","name":"Fakta och nyheter om Kompetensf\u00f6retagen i avtalsr\u00f6relsen","isPartOf":{"@id":"https:\/\/www.kompetensforetagen.se\/#website"},"description":"H\u00e4r finner du nyheter och fakta om Kompetensf\u00f6retagen i den senaste avtalsr\u00f6relsen. Tillsammans skapar vi en bra arbetsmarknad.","breadcrumb":{"@id":"https:\/\/www.kompetensforetagen.se\/amne\/avtalsrorelse\/#breadcrumb"},"inLanguage":"sv-SE"},{"@type":"BreadcrumbList","@id":"https:\/\/www.kompetensforetagen.se\/amne\/avtalsrorelse\/#breadcrumb","itemListElement":[{"@type":"ListItem","position":1,"name":"Home","item":"https:\/\/www.kompetensforetagen.se\/"},{"@type":"ListItem","position":2,"name":"Avtalsr\u00f6relse"}]},{"@type":"WebSite","@id":"https:\/\/www.kompetensforetagen.se\/#website","url":"https:\/\/www.kompetensforetagen.se\/","name":"Kompetensf\u00f6retagen","description":"R\u00e4tt person p\u00e5 r\u00e4tt plats kan f\u00f6r\u00e4ndra v\u00e4rlden","publisher":{"@id":"https:\/\/www.kompetensforetagen.se\/#organization"},"potentialAction":[{"@type":"SearchAction","target":{"@type":"EntryPoint","urlTemplate":"https:\/\/www.kompetensforetagen.se\/?s={search_term_string}"},"query-input":{"@type":"PropertyValueSpecification","valueRequired":true,"valueName":"search_term_string"}}],"inLanguage":"sv-SE"},{"@type":"Organization","@id":"https:\/\/www.kompetensforetagen.se\/#organization","name":"Kompetensf\u00f6retagen","url":"https:\/\/www.kompetensforetagen.se\/","logo":{"@type":"ImageObject","inLanguage":"sv-SE","@id":"https:\/\/www.kompetensforetagen.se\/#\/schema\/logo\/image\/","url":"https:\/\/www.kompetensforetagen.se\/app\/uploads\/sites\/5\/2022\/10\/logga_svart.png","contentUrl":"https:\/\/www.kompetensforetagen.se\/app\/uploads\/sites\/5\/2022\/10\/logga_svart.png","width":752,"height":64,"caption":"Kompetensf\u00f6retagen"},"image":{"@id":"https:\/\/www.kompetensforetagen.se\/#\/schema\/logo\/image\/"},"sameAs":["https:\/\/www.linkedin.com\/company\/10540032\/"]}]}},"_links":{"self":[{"href":"https:\/\/www.kompetensforetagen.se\/api\/wp\/v2\/categories\/13","targetHints":{"allow":["GET"]}}],"collection":[{"href":"https:\/\/www.kompetensforetagen.se\/api\/wp\/v2\/categories"}],"about":[{"href":"https:\/\/www.kompetensforetagen.se\/api\/wp\/v2\/taxonomies\/category"}],"wp:post_type":[{"href":"https:\/\/www.kompetensforetagen.se\/api\/wp\/v2\/posts?categories=13"},{"href":"https:\/\/www.kompetensforetagen.se\/api\/wp\/v2\/referral?categories=13"}],"curies":[{"name":"wp","href":"https:\/\/api.w.org\/{rel}","templated":true}]}}