{"id":10,"count":46,"description":"Kompetensbranschen spelar en viktig roll p\u00e5 den svenska arbetsmarknaden, och har vuxit fram i takt med dess utveckling. F\u00f6rbudet mot privat arbetsf\u00f6rmedling h\u00e4vdes 1993, och tillsammans med utvecklingen av anpassade kollektivavtal \u00e4r det exempel p\u00e5 reformer som fr\u00e4mjat s\u00e5v\u00e4l arbetsgivare som medarbetare. Tack vare dessa reformer har r\u00f6rligheten p\u00e5 arbetsmarknaden \u00f6kat och tr\u00f6sklarna in p\u00e5 den minskat, verksamheter f\u00e5tt det enklare att finna r\u00e4tt kompetens eller v\u00e4xla upp och ned i personalstyrkan n\u00e4r det kr\u00e4vs. Och det har skapat fler trygga jobb.\r\n\r\nVarje dag hj\u00e4lper v\u00e5ra medlemsf\u00f6retag verksamheter och individer att hitta r\u00e4tt p\u00e5 en arbetsmarknad som \u00e4r specialiserad, snabbr\u00f6rlig, fragmenterad och global. Vi ser att med fler reformer kan v\u00e5rt bidrag bli \u00e4nnu st\u00f6rre.","link":"https:\/\/www.kompetensforetagen.se\/amne\/arbetsmarknad\/","name":"Arbetsmarknad","slug":"arbetsmarknad","taxonomy":"category","parent":0,"meta":[],"acf":[],"yoast_head":"<!-- This site is optimized with the Yoast SEO Premium plugin v26.8 (Yoast SEO v26.8) - https:\/\/yoast.com\/product\/yoast-seo-premium-wordpress\/ -->\n<title>Arbetsmarknad - Kompetensf\u00f6retagen<\/title>\n<meta name=\"description\" content=\"Arbetsmarknaden i fokus. Analyser, statistik och nyheter om trender som formar framtidens jobb och kompetensf\u00f6rs\u00f6rjning.\" \/>\n<meta name=\"robots\" content=\"index, follow, max-snippet:-1, max-image-preview:large, max-video-preview:-1\" \/>\n<link rel=\"canonical\" href=\"https:\/\/www.kompetensforetagen.se\/amne\/arbetsmarknad\/\" \/>\n<meta property=\"og:locale\" content=\"sv_SE\" \/>\n<meta property=\"og:type\" content=\"article\" \/>\n<meta property=\"og:title\" content=\"Arbetsmarknad Archives\" \/>\n<meta property=\"og:description\" content=\"Arbetsmarknaden i fokus. Analyser, statistik och nyheter om trender som formar framtidens jobb och kompetensf\u00f6rs\u00f6rjning.\" \/>\n<meta property=\"og:url\" content=\"https:\/\/www.kompetensforetagen.se\/amne\/arbetsmarknad\/\" \/>\n<meta property=\"og:site_name\" content=\"Kompetensf\u00f6retagen\" \/>\n<meta name=\"twitter:card\" content=\"summary_large_image\" \/>\n<script type=\"application\/ld+json\" class=\"yoast-schema-graph\">{\"@context\":\"https:\/\/schema.org\",\"@graph\":[{\"@type\":\"CollectionPage\",\"@id\":\"https:\/\/www.kompetensforetagen.se\/amne\/arbetsmarknad\/\",\"url\":\"https:\/\/www.kompetensforetagen.se\/amne\/arbetsmarknad\/\",\"name\":\"Arbetsmarknad - Kompetensf\u00f6retagen\",\"isPartOf\":{\"@id\":\"https:\/\/www.kompetensforetagen.se\/#website\"},\"description\":\"Arbetsmarknaden i fokus. Analyser, statistik och nyheter om trender som formar framtidens jobb och kompetensf\u00f6rs\u00f6rjning.\",\"breadcrumb\":{\"@id\":\"https:\/\/www.kompetensforetagen.se\/amne\/arbetsmarknad\/#breadcrumb\"},\"inLanguage\":\"sv-SE\"},{\"@type\":\"BreadcrumbList\",\"@id\":\"https:\/\/www.kompetensforetagen.se\/amne\/arbetsmarknad\/#breadcrumb\",\"itemListElement\":[{\"@type\":\"ListItem\",\"position\":1,\"name\":\"Home\",\"item\":\"https:\/\/www.kompetensforetagen.se\/\"},{\"@type\":\"ListItem\",\"position\":2,\"name\":\"Arbetsmarknad\"}]},{\"@type\":\"WebSite\",\"@id\":\"https:\/\/www.kompetensforetagen.se\/#website\",\"url\":\"https:\/\/www.kompetensforetagen.se\/\",\"name\":\"Kompetensf\u00f6retagen\",\"description\":\"R\u00e4tt person p\u00e5 r\u00e4tt plats kan f\u00f6r\u00e4ndra v\u00e4rlden\",\"publisher\":{\"@id\":\"https:\/\/www.kompetensforetagen.se\/#organization\"},\"potentialAction\":[{\"@type\":\"SearchAction\",\"target\":{\"@type\":\"EntryPoint\",\"urlTemplate\":\"https:\/\/www.kompetensforetagen.se\/?s={search_term_string}\"},\"query-input\":{\"@type\":\"PropertyValueSpecification\",\"valueRequired\":true,\"valueName\":\"search_term_string\"}}],\"inLanguage\":\"sv-SE\"},{\"@type\":\"Organization\",\"@id\":\"https:\/\/www.kompetensforetagen.se\/#organization\",\"name\":\"Kompetensf\u00f6retagen\",\"url\":\"https:\/\/www.kompetensforetagen.se\/\",\"logo\":{\"@type\":\"ImageObject\",\"inLanguage\":\"sv-SE\",\"@id\":\"https:\/\/www.kompetensforetagen.se\/#\/schema\/logo\/image\/\",\"url\":\"https:\/\/www.kompetensforetagen.se\/app\/uploads\/sites\/5\/2022\/10\/logga_svart.png\",\"contentUrl\":\"https:\/\/www.kompetensforetagen.se\/app\/uploads\/sites\/5\/2022\/10\/logga_svart.png\",\"width\":752,\"height\":64,\"caption\":\"Kompetensf\u00f6retagen\"},\"image\":{\"@id\":\"https:\/\/www.kompetensforetagen.se\/#\/schema\/logo\/image\/\"},\"sameAs\":[\"https:\/\/www.linkedin.com\/company\/10540032\/\"]}]}<\/script>\n<!-- \/ Yoast SEO Premium plugin. -->","yoast_head_json":{"title":"Arbetsmarknad - Kompetensf\u00f6retagen","description":"Arbetsmarknaden i fokus. Analyser, statistik och nyheter om trender som formar framtidens jobb och kompetensf\u00f6rs\u00f6rjning.","robots":{"index":"index","follow":"follow","max-snippet":"max-snippet:-1","max-image-preview":"max-image-preview:large","max-video-preview":"max-video-preview:-1"},"canonical":"https:\/\/www.kompetensforetagen.se\/amne\/arbetsmarknad\/","og_locale":"sv_SE","og_type":"article","og_title":"Arbetsmarknad Archives","og_description":"Arbetsmarknaden i fokus. Analyser, statistik och nyheter om trender som formar framtidens jobb och kompetensf\u00f6rs\u00f6rjning.","og_url":"https:\/\/www.kompetensforetagen.se\/amne\/arbetsmarknad\/","og_site_name":"Kompetensf\u00f6retagen","twitter_card":"summary_large_image","schema":{"@context":"https:\/\/schema.org","@graph":[{"@type":"CollectionPage","@id":"https:\/\/www.kompetensforetagen.se\/amne\/arbetsmarknad\/","url":"https:\/\/www.kompetensforetagen.se\/amne\/arbetsmarknad\/","name":"Arbetsmarknad - Kompetensf\u00f6retagen","isPartOf":{"@id":"https:\/\/www.kompetensforetagen.se\/#website"},"description":"Arbetsmarknaden i fokus. Analyser, statistik och nyheter om trender som formar framtidens jobb och kompetensf\u00f6rs\u00f6rjning.","breadcrumb":{"@id":"https:\/\/www.kompetensforetagen.se\/amne\/arbetsmarknad\/#breadcrumb"},"inLanguage":"sv-SE"},{"@type":"BreadcrumbList","@id":"https:\/\/www.kompetensforetagen.se\/amne\/arbetsmarknad\/#breadcrumb","itemListElement":[{"@type":"ListItem","position":1,"name":"Home","item":"https:\/\/www.kompetensforetagen.se\/"},{"@type":"ListItem","position":2,"name":"Arbetsmarknad"}]},{"@type":"WebSite","@id":"https:\/\/www.kompetensforetagen.se\/#website","url":"https:\/\/www.kompetensforetagen.se\/","name":"Kompetensf\u00f6retagen","description":"R\u00e4tt person p\u00e5 r\u00e4tt plats kan f\u00f6r\u00e4ndra v\u00e4rlden","publisher":{"@id":"https:\/\/www.kompetensforetagen.se\/#organization"},"potentialAction":[{"@type":"SearchAction","target":{"@type":"EntryPoint","urlTemplate":"https:\/\/www.kompetensforetagen.se\/?s={search_term_string}"},"query-input":{"@type":"PropertyValueSpecification","valueRequired":true,"valueName":"search_term_string"}}],"inLanguage":"sv-SE"},{"@type":"Organization","@id":"https:\/\/www.kompetensforetagen.se\/#organization","name":"Kompetensf\u00f6retagen","url":"https:\/\/www.kompetensforetagen.se\/","logo":{"@type":"ImageObject","inLanguage":"sv-SE","@id":"https:\/\/www.kompetensforetagen.se\/#\/schema\/logo\/image\/","url":"https:\/\/www.kompetensforetagen.se\/app\/uploads\/sites\/5\/2022\/10\/logga_svart.png","contentUrl":"https:\/\/www.kompetensforetagen.se\/app\/uploads\/sites\/5\/2022\/10\/logga_svart.png","width":752,"height":64,"caption":"Kompetensf\u00f6retagen"},"image":{"@id":"https:\/\/www.kompetensforetagen.se\/#\/schema\/logo\/image\/"},"sameAs":["https:\/\/www.linkedin.com\/company\/10540032\/"]}]}},"_links":{"self":[{"href":"https:\/\/www.kompetensforetagen.se\/api\/wp\/v2\/categories\/10","targetHints":{"allow":["GET"]}}],"collection":[{"href":"https:\/\/www.kompetensforetagen.se\/api\/wp\/v2\/categories"}],"about":[{"href":"https:\/\/www.kompetensforetagen.se\/api\/wp\/v2\/taxonomies\/category"}],"wp:post_type":[{"href":"https:\/\/www.kompetensforetagen.se\/api\/wp\/v2\/posts?categories=10"},{"href":"https:\/\/www.kompetensforetagen.se\/api\/wp\/v2\/referral?categories=10"}],"curies":[{"name":"wp","href":"https:\/\/api.w.org\/{rel}","templated":true}]}}